{"id":13466,"date":"2021-03-04T02:14:15","date_gmt":"2021-03-04T02:14:15","guid":{"rendered":"https:\/\/oparanews.com.br\/?p=13466"},"modified":"2021-03-04T02:14:15","modified_gmt":"2021-03-04T02:14:15","slug":"governo-inclui-professores-no-grupo-prioritario-de-vacinacao","status":"publish","type":"post","link":"https:\/\/www.oparanews.com.br\/index.php\/2021\/03\/04\/governo-inclui-professores-no-grupo-prioritario-de-vacinacao\/","title":{"rendered":"Governo inclui professores no grupo priorit\u00e1rio de vacina\u00e7\u00e3o"},"content":{"rendered":"<p>O governo Jair Bolsonaro informou ao Supremo Tribunal Federal (STF) ter inclu\u00eddo trabalhadores da \u00e1rea de educa\u00e7\u00e3o na lista dos servi\u00e7os essenciais e que v\u00e3o fazer parte do grupo priorit\u00e1rio de vacina\u00e7\u00e3o contra covid-19 no pa\u00eds, em documento encaminhado \u00e0 corte na noite de ter\u00e7a-feira e visto pela Reuters.<\/p>\n<p>Em Nota Informativa, a Secretaria de Vigil\u00e2ncia em Sa\u00fade, do Minist\u00e9rio da Sa\u00fade, disse entender que o ambiente de escolas e universidades s\u00e3o potenciais na exposi\u00e7\u00e3o \u00e0 infec\u00e7\u00e3o por covid. Citou que, &#8220;principalmente no ensino b\u00e1sico, esses profissionais possuem contato com muitos alunos simultaneamente, \u00e9 de extrema relev\u00e2ncia a vacina\u00e7\u00e3o dos trabalhadores da educa\u00e7\u00e3o&#8221;.<\/p>\n<p>O documento destacou ainda que o fechamento das escolas no ano de 2020 impossibilitou evid\u00eancias mais robustas sobre seu papel nas cadeias de transmiss\u00e3o e que \u00e9 preciso tamb\u00e9m avaliar os impactos psicossociais e socioecon\u00f4micos da interrup\u00e7\u00e3o das aulas.<\/p>\n<p>&#8220;\u00c9 importante promover a prote\u00e7\u00e3o dos trabalhadores da educa\u00e7\u00e3o, principalmente em um contexto de retomada das atividades. No entanto, sua prioriza\u00e7\u00e3o n\u00e3o deve se dar em detrimento dos grupos de maior risco de agravar e morrer pela doen\u00e7a. Impende destacar ainda que os trabalhadores da educa\u00e7\u00e3o que estiverem dentro de algumas das condi\u00e7\u00f5es de risco agravantes da covid-19 ser\u00e3o priorizados nos respectivos grupos caracter\u00edsticos&#8221;, destacou.<\/p>\n<p>A manifesta\u00e7\u00e3o do governo foi tomada no \u00e2mbito de uma a\u00e7\u00e3o movida pela Rede Sustentabilidade que cobra um detalhamento das a\u00e7\u00f5es e de qual a prioridade de vacina\u00e7\u00e3o contra Covid-19. O processo \u00e9 relatado pelo ministro Ricardo Lewandowski.<\/p>\n<p>&nbsp;<\/p>\n<p><strong>Fonte: Terra<\/strong><\/p>\n<p>&nbsp;<\/p>\n","protected":false},"excerpt":{"rendered":"<p>O governo Jair Bolsonaro informou ao Supremo Tribunal Federal (STF) ter inclu\u00eddo trabalhadores da \u00e1rea de educa\u00e7\u00e3o na lista dos servi\u00e7os essenciais e que v\u00e3o fazer parte do grupo priorit\u00e1rio de vacina\u00e7\u00e3o contra covid-19 no pa\u00eds, em documento encaminhado \u00e0 corte na noite de ter\u00e7a-feira e visto pela Reuters. Em Nota Informativa, a Secretaria de &hellip;<\/p>\n","protected":false},"author":1,"featured_media":13467,"comment_status":"closed","ping_status":"closed","sticky":false,"template":"","format":"standard","meta":{"_jetpack_newsletter_access":"","_jetpack_dont_email_post_to_subs":false,"_jetpack_newsletter_tier_id":0,"_jetpack_memberships_contains_paywalled_content":false,"_jetpack_memberships_contains_paid_content":false,"footnotes":""},"categories":[1],"tags":[],"class_list":["post-13466","post","type-post","status-publish","format-standard","has-post-thumbnail","hentry","category-destaque"],"jetpack_sharing_enabled":true,"jetpack_featured_media_url":"","_links":{"self":[{"href":"https:\/\/www.oparanews.com.br\/index.php\/wp-json\/wp\/v2\/posts\/13466","targetHints":{"allow":["GET"]}}],"collection":[{"href":"https:\/\/www.oparanews.com.br\/index.php\/wp-json\/wp\/v2\/posts"}],"about":[{"href":"https:\/\/www.oparanews.com.br\/index.php\/wp-json\/wp\/v2\/types\/post"}],"author":[{"embeddable":true,"href":"https:\/\/www.oparanews.com.br\/index.php\/wp-json\/wp\/v2\/users\/1"}],"replies":[{"embeddable":true,"href":"https:\/\/www.oparanews.com.br\/index.php\/wp-json\/wp\/v2\/comments?post=13466"}],"version-history":[{"count":0,"href":"https:\/\/www.oparanews.com.br\/index.php\/wp-json\/wp\/v2\/posts\/13466\/revisions"}],"wp:attachment":[{"href":"https:\/\/www.oparanews.com.br\/index.php\/wp-json\/wp\/v2\/media?parent=13466"}],"wp:term":[{"taxonomy":"category","embeddable":true,"href":"https:\/\/www.oparanews.com.br\/index.php\/wp-json\/wp\/v2\/categories?post=13466"},{"taxonomy":"post_tag","embeddable":true,"href":"https:\/\/www.oparanews.com.br\/index.php\/wp-json\/wp\/v2\/tags?post=13466"}],"curies":[{"name":"wp","href":"https:\/\/api.w.org\/{rel}","templated":true}]}}