{"id":13478,"date":"2021-03-04T15:05:03","date_gmt":"2021-03-04T15:05:03","guid":{"rendered":"https:\/\/oparanews.com.br\/?p=13478"},"modified":"2021-03-04T15:05:03","modified_gmt":"2021-03-04T15:05:03","slug":"mais-municipios-do-interior-decretam-novas-medidas-restritivas-contra-o-coronavirus","status":"publish","type":"post","link":"https:\/\/www.oparanews.com.br\/index.php\/2021\/03\/04\/mais-municipios-do-interior-decretam-novas-medidas-restritivas-contra-o-coronavirus\/","title":{"rendered":"Mais munic\u00edpios do interior decretam novas medidas restritivas contra o coronav\u00edrus"},"content":{"rendered":"<p>Os munic\u00edpios de Inhapi, Limoeiro de Anadia e Oliven\u00e7a decretaram novas medidas restritivas para conter o avan\u00e7o do novo coronav\u00edrus. A prefeitura de Teot\u00f4nio Vilela, por sua vez, regulamentou a doa\u00e7\u00e3o de cestas b\u00e1sicas durante pandemia. As informa\u00e7\u00f5es foram publicadas no Di\u00e1rio dos Munic\u00edpios Alagoanos e come\u00e7am a valer nesta quinta-feira (4).<\/p>\n<p>Entre as medias de restri\u00e7\u00e3o est\u00e3o o fechamento de bares restaurantes, casas de shows, circos, clubes e o uso obrigat\u00f3rio de m\u00e1scaras de prote\u00e7\u00e3o.<\/p>\n<p>No in\u00edcio da semana, j\u00e1 estavam em vigor medidas semelhantes nos munic\u00edpios de Vi\u00e7osa, Anadia, Santa Luzia do Norte, Maribondo, Ouro Branco e, em menor escala, Macei\u00f3.<\/p>\n<p>Inhapi<\/p>\n<p>O munic\u00edpio suspendeu at\u00e9 o dia 30 de abril as atividades locais de apresenta\u00e7\u00f5es art\u00edsticas e culturais, casas de shows e circos. Na publica\u00e7\u00e3o, o prefeito Tenorinho Malta (PP) disse que as medidas levam em conta o aumento nos casos de Covid-19 e a necessidade de medidas que contenham o avan\u00e7o da doen\u00e7a.<\/p>\n<p>Limoeiro de Anadia<\/p>\n<p>Anadia proibiu a realiza\u00e7\u00e3o de eventos que gerem aglomera\u00e7\u00f5es de pessoas, por tempo indeterminado. Segundo o prefeito Marlan Ferreira (PP), a proibi\u00e7\u00e3o se estende a todo e qualquer evento (privado ou p\u00fablico) em lugares abertos ou fechados.<\/p>\n<p>Al\u00e9m dos eventos, ficam proibidas as seguintes atividades:<\/p>\n<p>* Com\u00e9rcio ambulante ou em estrutura provis\u00f3ria de bebidas alco\u00f3licas<br \/>\n* Funcionamento de bares e clubes<br \/>\n* Festas, de qualquer tipo, em restaurantes, clubes, ch\u00e1caras e outros estabelecimentos em ambientes fechados e abertos, promovidos por iniciativa p\u00fablica ou particular<br \/>\n* Uso ou funcionamento dos equipamentos de som automotivos, popularmente conhecidos como pared\u00f5es de som, e equipamentos sonoros port\u00e1teis, nas vias, pra\u00e7as, e demais logradouros p\u00fablicos<br \/>\n* Consumo de bebida alco\u00f3lica em espa\u00e7os p\u00fablicos, como pra\u00e7as, cal\u00e7ad\u00f5es, cal\u00e7adas, vias, e relacionados, devendo ser consumida apenas enquanto o cliente estiver sendo atendido na mesa e nos limites do restaurante<br \/>\n* Fica, permanentemente, proibida a circula\u00e7\u00e3o de pessoas com testagem positiva para covid-19, ou com suspeita, devendo estas cumprirem o isolamento, de acordo com as recomenda\u00e7\u00f5es m\u00e9dicas, sob pena de aplica\u00e7\u00e3o das multas que variam de R$ 3 mil a R$ 30 mil<br \/>\n* \u00c9 obrigat\u00f3rio o uso de m\u00e1scaras em estabelecimentos comerciais, por funcion\u00e1rios e clientes, estando o comerciante sujeito a multa, por descumprimento<br \/>\n* \u00c9 obrigat\u00f3ria a disponibiliza\u00e7\u00e3o de \u00e1lcool 70\u00ba nas entradas de estabelecimentos comerciais, para uso pelos clientes e funcion\u00e1rios, estando o comerciante sujeito a multa, por descumprimento<br \/>\n* O descumprimento desse decreto implica em imediata apreens\u00e3o dos equipamentos como sons, pared\u00f5es ou outros bens equivalentes, pela autoridade municipal fiscalizat\u00f3ria, que poder\u00e1 acionar a Pol\u00edcia Militar<br \/>\n* As pessoas f\u00edsicas que descumprirem esse decreto estar\u00e3o sujeitas a pena de multa de at\u00e9 R$ 3.000,00 (tr\u00eas mil reais), e as pessoas jur\u00eddicas, R$ 30.000,00 (trinta mil reais), bem como a interdi\u00e7\u00e3o imediata por 15 dias<\/p>\n<p>Oliven\u00e7a<\/p>\n<p>A prefeitura de Oliven\u00e7a tornou obrigat\u00f3rio, enquanto durar a pandemia de Covid-19, o uso de m\u00e1scaras de prote\u00e7\u00e3o facial nos espa\u00e7os de acesso aberto ao p\u00fablico, inclu\u00eddos os bens de uso comum da popula\u00e7\u00e3o como pra\u00e7as, restaurantes e bares.<\/p>\n<p>Al\u00e9m disso, as m\u00e1scaras s\u00e3o obrigat\u00f3rias ainda em:<\/p>\n<p>* estabelecimentos que executem atividades essenciais por consumidores, fornecedores, clientes, empregados e colaboradores<br \/>\n* reparti\u00e7\u00f5es p\u00fablicas estaduais, pela popula\u00e7\u00e3o, por agentes p\u00fablicos, prestadores de servi\u00e7o e particulares<\/p>\n<p>A prefeitura por meio da Vigil\u00e2ncia Sanit\u00e1ria Municipal, junto com a Guarda Municipal vai fazer a fiscaliza\u00e7\u00e3o para o cumprimento do decreto.<\/p>\n<p>Teot\u00f4nio Vilela<\/p>\n<p>Diante da pandemia de Covid-19, o munic\u00edpio de Teot\u00f4nio Vilela Regulamentou a doa\u00e7\u00e3o de cestas b\u00e1sicas, cestas especiais e g\u00eaneros aliment\u00edcios. As doa\u00e7\u00f5es ser\u00e3o feitas a partir de uma avalia\u00e7\u00e3o social, da Secretaria de Assist\u00eancia, Desenvolvimento Social, Trabalho, Direitos Humanas e Cidadania pra as fam\u00edlias:<\/p>\n<p>* crian\u00e7as em situa\u00e7\u00e3o de risco e desnutri\u00e7\u00e3o<br \/>\n* idosos e ou portadores de defici\u00eancia em situa\u00e7\u00e3o de doen\u00e7a<br \/>\n* fam\u00edlias que se encontrem em situa\u00e7\u00e3o de risco social e momentaneamente n\u00e3o conseguem suprir as necessidades b\u00e1sicas de alimenta\u00e7\u00e3o<\/p>\n<p>&nbsp;<\/p>\n<p><strong>Fonte: G1\/AL<\/strong><\/p>\n<p>&nbsp;<\/p>\n","protected":false},"excerpt":{"rendered":"<p>Os munic\u00edpios de Inhapi, Limoeiro de Anadia e Oliven\u00e7a decretaram novas medidas restritivas para conter o avan\u00e7o do novo coronav\u00edrus. A prefeitura de Teot\u00f4nio Vilela, por sua vez, regulamentou a doa\u00e7\u00e3o de cestas b\u00e1sicas durante pandemia. As informa\u00e7\u00f5es foram publicadas no Di\u00e1rio dos Munic\u00edpios Alagoanos e come\u00e7am a valer nesta quinta-feira (4). Entre as medias &hellip;<\/p>\n","protected":false},"author":1,"featured_media":13479,"comment_status":"closed","ping_status":"closed","sticky":false,"template":"","format":"standard","meta":{"_jetpack_newsletter_access":"","_jetpack_dont_email_post_to_subs":false,"_jetpack_newsletter_tier_id":0,"_jetpack_memberships_contains_paywalled_content":false,"_jetpack_memberships_contains_paid_content":false,"footnotes":""},"categories":[1],"tags":[],"class_list":["post-13478","post","type-post","status-publish","format-standard","has-post-thumbnail","hentry","category-destaque"],"jetpack_sharing_enabled":true,"jetpack_featured_media_url":"","_links":{"self":[{"href":"https:\/\/www.oparanews.com.br\/index.php\/wp-json\/wp\/v2\/posts\/13478","targetHints":{"allow":["GET"]}}],"collection":[{"href":"https:\/\/www.oparanews.com.br\/index.php\/wp-json\/wp\/v2\/posts"}],"about":[{"href":"https:\/\/www.oparanews.com.br\/index.php\/wp-json\/wp\/v2\/types\/post"}],"author":[{"embeddable":true,"href":"https:\/\/www.oparanews.com.br\/index.php\/wp-json\/wp\/v2\/users\/1"}],"replies":[{"embeddable":true,"href":"https:\/\/www.oparanews.com.br\/index.php\/wp-json\/wp\/v2\/comments?post=13478"}],"version-history":[{"count":0,"href":"https:\/\/www.oparanews.com.br\/index.php\/wp-json\/wp\/v2\/posts\/13478\/revisions"}],"wp:attachment":[{"href":"https:\/\/www.oparanews.com.br\/index.php\/wp-json\/wp\/v2\/media?parent=13478"}],"wp:term":[{"taxonomy":"category","embeddable":true,"href":"https:\/\/www.oparanews.com.br\/index.php\/wp-json\/wp\/v2\/categories?post=13478"},{"taxonomy":"post_tag","embeddable":true,"href":"https:\/\/www.oparanews.com.br\/index.php\/wp-json\/wp\/v2\/tags?post=13478"}],"curies":[{"name":"wp","href":"https:\/\/api.w.org\/{rel}","templated":true}]}}