{"id":13488,"date":"2021-03-04T19:39:44","date_gmt":"2021-03-04T19:39:44","guid":{"rendered":"https:\/\/oparanews.com.br\/?p=13488"},"modified":"2021-03-04T19:39:44","modified_gmt":"2021-03-04T19:39:44","slug":"alagoas-registra-mais-13-mortes-por-covid-19-8-vitimas-eram-do-interior","status":"publish","type":"post","link":"https:\/\/www.oparanews.com.br\/index.php\/2021\/03\/04\/alagoas-registra-mais-13-mortes-por-covid-19-8-vitimas-eram-do-interior\/","title":{"rendered":"Alagoas registra mais 13 mortes por Covid-19; 8 v\u00edtimas eram do interior"},"content":{"rendered":"<p>O boletim epidemiol\u00f3gico da Secretaria de Estado da Sa\u00fade (Sesau) desta quinta-feira (4) mostra que Alagoas registrou 576 novos casos e mais 13 mortes por Covid-19.<\/p>\n<p>Das 13 v\u00edtimas, oito moravam no interior e cinco viviam em Macei\u00f3. Seis delas n\u00e3o tinham doen\u00e7as preexistentes.<\/p>\n<p>O estado confirmou 133.796 casos e 3.047 \u00f3bitos por Covid-19 desde o come\u00e7o da pandemia.<\/p>\n<p>Do total de infectados pelo novo coronav\u00edrus, 127.022 se recuperaram e 3.106 est\u00e3o em tratamento em isolamento domiciliar.<\/p>\n<p>O n\u00famero acumulado de casos suspeitos chegou a 11.999.<\/p>\n<p>Os \u00f3bitos registrados em 24 horas n\u00e3o significam, necessariamente, que as mortes aconteceram de um dia para o outro, mas que foram contabilizadas no sistema neste per\u00edodo. Os n\u00fameros dos boletins epidemiol\u00f3gicos costumam ser menores aos fins de semana e \u00e0s segundas-feiras por causa do atraso na notifica\u00e7\u00e3o nessas datas.<\/p>\n<p><strong>Mais 13 mortes por Covid-19<\/strong><\/p>\n<p>Macei\u00f3: Homem, 37 anos \u2013 obeso<br \/>\nMacei\u00f3: Homem, 69 anos \u2013 hipertenso<br \/>\nMacei\u00f3: Homem, 86 anos \u2013 Doen\u00e7a Pulmonar Obstrutiva Cr\u00f4nica (DPOC)<br \/>\nMacei\u00f3: Mulher, 67 anos \u2013 hipertensa<br \/>\nMacei\u00f3: Mulher, 83 anos \u2013 sem comorbidades<br \/>\nArapiraca: Homem, 36 anos \u2013 sem comorbidades<br \/>\nS\u00e3o Miguel dos Campos: Homem, 55 anos \u2013 sem comorbidades<br \/>\nSantana do Ipanema: Homem, 65 anos \u2013 sem comorbidades<br \/>\nPalmeira dos \u00cdndios: Homem, 67 anos \u2013 sem comorbidades<br \/>\nTraipu: Homem, 84 anos \u2013 hipertenso e diab\u00e9tico<br \/>\nArapiraca: Mulher, 34 anos \u2013 sem comorbidades<br \/>\nLagoa da Canoa: Mulher, 63 anos \u2013 diabetes<br \/>\nP\u00e3o de A\u00e7\u00facar: Mulher, 81 anos \u2013 obesa<\/p>\n<p>&nbsp;<\/p>\n<p><strong>Fonte: G1\/AL<\/strong><\/p>\n<p>&nbsp;<\/p>\n","protected":false},"excerpt":{"rendered":"<p>O boletim epidemiol\u00f3gico da Secretaria de Estado da Sa\u00fade (Sesau) desta quinta-feira (4) mostra que Alagoas registrou 576 novos casos e mais 13 mortes por Covid-19. Das 13 v\u00edtimas, oito moravam no interior e cinco viviam em Macei\u00f3. Seis delas n\u00e3o tinham doen\u00e7as preexistentes. O estado confirmou 133.796 casos e 3.047 \u00f3bitos por Covid-19 desde &hellip;<\/p>\n","protected":false},"author":1,"featured_media":5855,"comment_status":"closed","ping_status":"closed","sticky":false,"template":"","format":"standard","meta":{"_jetpack_newsletter_access":"","_jetpack_dont_email_post_to_subs":false,"_jetpack_newsletter_tier_id":0,"_jetpack_memberships_contains_paywalled_content":false,"_jetpack_memberships_contains_paid_content":false,"footnotes":""},"categories":[1],"tags":[],"class_list":["post-13488","post","type-post","status-publish","format-standard","has-post-thumbnail","hentry","category-destaque"],"jetpack_sharing_enabled":true,"jetpack_featured_media_url":"","_links":{"self":[{"href":"https:\/\/www.oparanews.com.br\/index.php\/wp-json\/wp\/v2\/posts\/13488","targetHints":{"allow":["GET"]}}],"collection":[{"href":"https:\/\/www.oparanews.com.br\/index.php\/wp-json\/wp\/v2\/posts"}],"about":[{"href":"https:\/\/www.oparanews.com.br\/index.php\/wp-json\/wp\/v2\/types\/post"}],"author":[{"embeddable":true,"href":"https:\/\/www.oparanews.com.br\/index.php\/wp-json\/wp\/v2\/users\/1"}],"replies":[{"embeddable":true,"href":"https:\/\/www.oparanews.com.br\/index.php\/wp-json\/wp\/v2\/comments?post=13488"}],"version-history":[{"count":0,"href":"https:\/\/www.oparanews.com.br\/index.php\/wp-json\/wp\/v2\/posts\/13488\/revisions"}],"wp:attachment":[{"href":"https:\/\/www.oparanews.com.br\/index.php\/wp-json\/wp\/v2\/media?parent=13488"}],"wp:term":[{"taxonomy":"category","embeddable":true,"href":"https:\/\/www.oparanews.com.br\/index.php\/wp-json\/wp\/v2\/categories?post=13488"},{"taxonomy":"post_tag","embeddable":true,"href":"https:\/\/www.oparanews.com.br\/index.php\/wp-json\/wp\/v2\/tags?post=13488"}],"curies":[{"name":"wp","href":"https:\/\/api.w.org\/{rel}","templated":true}]}}