{"id":13490,"date":"2021-03-04T19:43:52","date_gmt":"2021-03-04T19:43:52","guid":{"rendered":"https:\/\/oparanews.com.br\/?p=13490"},"modified":"2021-03-04T19:43:52","modified_gmt":"2021-03-04T19:43:52","slug":"vigilancia-sanitaria-de-penedo-fiscaliza-o-cumprimento-de-medidas-contra-covid-19","status":"publish","type":"post","link":"https:\/\/www.oparanews.com.br\/index.php\/2021\/03\/04\/vigilancia-sanitaria-de-penedo-fiscaliza-o-cumprimento-de-medidas-contra-covid-19\/","title":{"rendered":"Vigil\u00e2ncia Sanit\u00e1ria de Penedo fiscaliza o cumprimento de medidas contra Covid-19"},"content":{"rendered":"<p>A equipe da Vigil\u00e2ncia Sanit\u00e1ria da Secretaria Municipal de Sa\u00fade de Penedo (SEMS) fiscaliza o cumprimento dos decretos estadual e municipal referentes ao combate a pandemia de Covid-19.<\/p>\n<p>A a\u00e7\u00e3o realizada em princ\u00edpio de forma educativa em estabelecimentos de diversos tipos ocorre de forma cont\u00ednua. Nesta quarta-feira (3) foi a vez dos supermercados da cidade, tanto da parte baixa, quanto alta.<\/p>\n<p>Outro local visitado foi a Feira da Agricultura familiar, onde os comerciantes tamb\u00e9m foram orientados.<\/p>\n<p>O Secret\u00e1rio Municipal de Sa\u00fade, Guilherme Lopes acompanhou o andamento dos trabalhos.<\/p>\n<p>Entre os itens fiscalizados nos supermercados est\u00e1 o uso de m\u00e1scaras por parte de funcion\u00e1rios e clientes, assim como a oferta de \u00e1lcool em gel ou 70% para uso gel geral, manuten\u00e7\u00e3o do distanciamento social e tamb\u00e9m a aferi\u00e7\u00e3o de temperatura na entrada, j\u00e1 que o estado febril \u00e9 um dos indicativos de contamina\u00e7\u00e3o.<\/p>\n<p>Para o Secret\u00e1rio Guilherme Lopes \u00e9 importante nesse momento que os comerciantes tenham consci\u00eancia do aumento dos casos de Covid-19, sendo o lockdowm, ou seja, fechamento geral de todo com\u00e9rcio e restri\u00e7\u00e3o da circula\u00e7\u00e3o de pessoas, umas das medidas estudadas em caso de piora do quadro referente a doen\u00e7a.<\/p>\n<p>\u201cEssa \u00e9 uma campanha de conscientiza\u00e7\u00e3o com todo o com\u00e9rcio. Estamos muito preocupados com o aumento de casos na Unidade de Refer\u00eancia em S\u00edndromes Gripais, por isso refor\u00e7amos o pedido para que os comerciantes cumpram as mediadas contra Covid-19, para que n\u00e3o ocorra outro fechamento geral, com a restri\u00e7\u00e3o da circula\u00e7\u00e3o de pessoas\u201d, destacou.<\/p>\n<p><strong>Fiscaliza\u00e7\u00e3o<\/strong><\/p>\n<p>A equipe da SEMS Penedo composta por agentes da Vigil\u00e2ncia Sanit\u00e1ria do Munic\u00edpio e os Coordenadores \u00c2ngelo Mendes e Maciel Oliveira conversou com os respons\u00e1veis pelos estabelecimentos destacando tamb\u00e9m a possibilidade da ado\u00e7\u00e3o de medidas mais en\u00e9rgicas caso n\u00e3o ocorra o cumprimento da lei.<\/p>\n<p>Dessa forma, o estabelecimento que n\u00e3o obedecer \u00e0s medidas necess\u00e1rias para o combate a pandemia de Covid-19 dever\u00e1 ser notificado com a aplica\u00e7\u00e3o de multa, podendo at\u00e9 ser fechado em caso de reincid\u00eancia.<\/p>\n<p>&nbsp;<\/p>\n<p><strong>por Thiago Sobral &#8211; Decom\/PMP<\/strong><\/p>\n<p>&nbsp;<\/p>\n","protected":false},"excerpt":{"rendered":"<p>A equipe da Vigil\u00e2ncia Sanit\u00e1ria da Secretaria Municipal de Sa\u00fade de Penedo (SEMS) fiscaliza o cumprimento dos decretos estadual e municipal referentes ao combate a pandemia de Covid-19. A a\u00e7\u00e3o realizada em princ\u00edpio de forma educativa em estabelecimentos de diversos tipos ocorre de forma cont\u00ednua. Nesta quarta-feira (3) foi a vez dos supermercados da cidade, &hellip;<\/p>\n","protected":false},"author":1,"featured_media":13491,"comment_status":"closed","ping_status":"closed","sticky":false,"template":"","format":"standard","meta":{"_jetpack_newsletter_access":"","_jetpack_dont_email_post_to_subs":false,"_jetpack_newsletter_tier_id":0,"_jetpack_memberships_contains_paywalled_content":false,"_jetpack_memberships_contains_paid_content":false,"footnotes":""},"categories":[1],"tags":[],"class_list":["post-13490","post","type-post","status-publish","format-standard","has-post-thumbnail","hentry","category-destaque"],"jetpack_sharing_enabled":true,"jetpack_featured_media_url":"","_links":{"self":[{"href":"https:\/\/www.oparanews.com.br\/index.php\/wp-json\/wp\/v2\/posts\/13490","targetHints":{"allow":["GET"]}}],"collection":[{"href":"https:\/\/www.oparanews.com.br\/index.php\/wp-json\/wp\/v2\/posts"}],"about":[{"href":"https:\/\/www.oparanews.com.br\/index.php\/wp-json\/wp\/v2\/types\/post"}],"author":[{"embeddable":true,"href":"https:\/\/www.oparanews.com.br\/index.php\/wp-json\/wp\/v2\/users\/1"}],"replies":[{"embeddable":true,"href":"https:\/\/www.oparanews.com.br\/index.php\/wp-json\/wp\/v2\/comments?post=13490"}],"version-history":[{"count":0,"href":"https:\/\/www.oparanews.com.br\/index.php\/wp-json\/wp\/v2\/posts\/13490\/revisions"}],"wp:attachment":[{"href":"https:\/\/www.oparanews.com.br\/index.php\/wp-json\/wp\/v2\/media?parent=13490"}],"wp:term":[{"taxonomy":"category","embeddable":true,"href":"https:\/\/www.oparanews.com.br\/index.php\/wp-json\/wp\/v2\/categories?post=13490"},{"taxonomy":"post_tag","embeddable":true,"href":"https:\/\/www.oparanews.com.br\/index.php\/wp-json\/wp\/v2\/tags?post=13490"}],"curies":[{"name":"wp","href":"https:\/\/api.w.org\/{rel}","templated":true}]}}