{"id":13493,"date":"2021-03-04T20:23:57","date_gmt":"2021-03-04T20:23:57","guid":{"rendered":"https:\/\/oparanews.com.br\/?p=13493"},"modified":"2021-03-04T20:23:57","modified_gmt":"2021-03-04T20:23:57","slug":"alagoas-vai-regredir-para-a-fase-amarela-do-distanciamento-controlado","status":"publish","type":"post","link":"https:\/\/www.oparanews.com.br\/index.php\/2021\/03\/04\/alagoas-vai-regredir-para-a-fase-amarela-do-distanciamento-controlado\/","title":{"rendered":"Alagoas vai regredir para a fase amarela do distanciamento controlado"},"content":{"rendered":"<p>O estado de Alagoas vai regredir para a fase amarela do distanciamento social controlado, como medida para tentar diminuir o avan\u00e7o do cont\u00e1gio pelo novo coronav\u00edrus. O an\u00fancio foi feito pelo governador Renan Filho (MDB) em entrevista coletiva on-line nesta quinta-feira (4). A medida vale pelo per\u00edodo de 7 dias. O novo decreto vai ser publicado ainda nesta quinta.<\/p>\n<p>O governo tamb\u00e9m suspendeu todo tipo de evento, seja privado ou p\u00fablico. Tamb\u00e9m fica proibido o funcionamento de boates neste per\u00edodo.<\/p>\n<p>Bares e restaurantes s\u00f3 est\u00e3o autorizados a funcionar at\u00e9 as 23h. Os shoppings funcionar\u00e3o das 11h \u00e0s 21h. Lojas de rua, das 10h \u00e0s 19h. E lojas no centro de Macei\u00f3, das 9h \u00e0s 17h.<\/p>\n<p>O governador tamb\u00e9m anunciou que as cirurgias eletivas v\u00e3o ficar suspensas por um per\u00edodo de 15 dias.<\/p>\n<p>As aulas na rede privada v\u00e3o continuar funcionando no modelo h\u00edbrido (parte da turma presencial e parte on-line).<\/p>\n<p>Desde 28 de setembro de 2020, o estado estava na fase azul, considerada de risco moderado. As cinco fases da Matriz de Risco s\u00e3o classificadas nas cores vermelha, laranja, amarela, azul e verde (veja ao final do texto os setores inclu\u00eddos em cada fase).<\/p>\n<p>Para a transi\u00e7\u00e3o de uma fase para a outra, s\u00e3o considerados tr\u00eas eixos estrat\u00e9gicos:<\/p>\n<p>* Capacidade Hospitalar Instalada: Taxa de ocupa\u00e7\u00e3o de leitos com respiradores; taxa de ocupa\u00e7\u00e3o de leitos gerais; e oferta de leitos com respiradores por 100 mil habitantes.<br \/>\n* Evolu\u00e7\u00e3o dos \u00f3bitos por semana epidemiol\u00f3gica: \u00d3bitos por semana epidemiol\u00f3gica e taxa de letalidade.<br \/>\n* Taxa de crescimento da Covid-19: N\u00famero de casos ativos\/n\u00famero de casos recuperados.<\/p>\n<p>As permiss\u00f5es para reabertura em cada fase<\/p>\n<p>FASE VERMELHA &#8211; Fechamento total, com exce\u00e7\u00e3o de servi\u00e7os essenciais<\/p>\n<p>FASE LARANJA &#8211; Aplica\u00e7\u00e3o das medidas sanit\u00e1rias gerais e aplica\u00e7\u00e3o das medidas espec\u00edficas para cada setor autorizado:<\/p>\n<p>* todos os setores autorizados na Fase Vermelha;<br \/>\n* lojas ou estabelecimentos de rua com at\u00e9 400 m\u00b2 (quatrocentos metros quadrados);<br \/>\n* sal\u00f5es de beleza e barbearias;<br \/>\n* templos, igrejas e demais institui\u00e7\u00f5es religiosas, funcionando com 30% (trinta por cento de sua capacidade).<\/p>\n<p>FASE AMARELA &#8211; Mantidas as medidas sanit\u00e1rias gerais e novas permiss\u00f5es para reabertura:<\/p>\n<p>* todos os setores autorizados nas Fases Vermelha e Laranja;<br \/>\n* lojas ou estabelecimentos de rua acima de 400 m\u00b2 (quatrocentos metros quadrados);<br \/>\n* shoppings centers, galerias, centros comerciais e estabelecimentos cong\u00eaneres;<br \/>\n* templos, igrejas e demais institui\u00e7\u00f5es religiosas, funcionando com 50% (cinquenta por cento) de sua capacidade;<br \/>\n* bares e restaurantes, funcionando com 50% (cinquenta por cento) de sua capacidade;<br \/>\n* academias, clubes e centro de gin\u00e1stica, funcionando com 50% (cinquenta por cento) de sua capacidade;<br \/>\n* transporte intermunicipal e tur\u00edstico, funcionando com 50% (cinquenta por cento) de sua capacidade.<\/p>\n<p>FASE AZUL &#8211; Mantidas as medidas sanit\u00e1rias gerais e novas permiss\u00f5es para reabertura:<\/p>\n<p>* todos os setores autorizados nas Fases Vermelha, Laranja e Amarela;<br \/>\n* bares e restaurantes, funcionando com 75% (setenta e cinco por cento) de sua capacidade;<br \/>\n* templos, igrejas e demais institui\u00e7\u00f5es religiosas, funcionando com 75% (setenta e cinco por cento) de sua capacidade;<br \/>\n* transporte intermunicipal e tur\u00edstico, funcionando com 75% (setenta e cinco por cento) de sua capacidade.<\/p>\n<p>FASE VERDE &#8211; Mantidas as medidas sanit\u00e1rias gerais e novas permiss\u00f5es para reabertura:<\/p>\n<p>* todos os setores autorizados nas Fases Vermelha, Laranja, Amarela e Azul de forma integral;<br \/>\n* aulas presenciais na rede p\u00fablica e privada de ensino;<br \/>\n* servi\u00e7o p\u00fablico do Poder Executivo Estadual de forma presencial;<br \/>\n* cinemas, teatro, museu e eventos sociais.<\/p>\n<p>&nbsp;<\/p>\n<p><strong>Fonte: G1\/AL<\/strong><\/p>\n<p>&nbsp;<\/p>\n","protected":false},"excerpt":{"rendered":"<p>O estado de Alagoas vai regredir para a fase amarela do distanciamento social controlado, como medida para tentar diminuir o avan\u00e7o do cont\u00e1gio pelo novo coronav\u00edrus. O an\u00fancio foi feito pelo governador Renan Filho (MDB) em entrevista coletiva on-line nesta quinta-feira (4). A medida vale pelo per\u00edodo de 7 dias. O novo decreto vai ser &hellip;<\/p>\n","protected":false},"author":1,"featured_media":13494,"comment_status":"closed","ping_status":"closed","sticky":false,"template":"","format":"standard","meta":{"_jetpack_newsletter_access":"","_jetpack_dont_email_post_to_subs":false,"_jetpack_newsletter_tier_id":0,"_jetpack_memberships_contains_paywalled_content":false,"_jetpack_memberships_contains_paid_content":false,"footnotes":""},"categories":[1],"tags":[],"class_list":["post-13493","post","type-post","status-publish","format-standard","has-post-thumbnail","hentry","category-destaque"],"jetpack_sharing_enabled":true,"jetpack_featured_media_url":"","_links":{"self":[{"href":"https:\/\/www.oparanews.com.br\/index.php\/wp-json\/wp\/v2\/posts\/13493","targetHints":{"allow":["GET"]}}],"collection":[{"href":"https:\/\/www.oparanews.com.br\/index.php\/wp-json\/wp\/v2\/posts"}],"about":[{"href":"https:\/\/www.oparanews.com.br\/index.php\/wp-json\/wp\/v2\/types\/post"}],"author":[{"embeddable":true,"href":"https:\/\/www.oparanews.com.br\/index.php\/wp-json\/wp\/v2\/users\/1"}],"replies":[{"embeddable":true,"href":"https:\/\/www.oparanews.com.br\/index.php\/wp-json\/wp\/v2\/comments?post=13493"}],"version-history":[{"count":0,"href":"https:\/\/www.oparanews.com.br\/index.php\/wp-json\/wp\/v2\/posts\/13493\/revisions"}],"wp:attachment":[{"href":"https:\/\/www.oparanews.com.br\/index.php\/wp-json\/wp\/v2\/media?parent=13493"}],"wp:term":[{"taxonomy":"category","embeddable":true,"href":"https:\/\/www.oparanews.com.br\/index.php\/wp-json\/wp\/v2\/categories?post=13493"},{"taxonomy":"post_tag","embeddable":true,"href":"https:\/\/www.oparanews.com.br\/index.php\/wp-json\/wp\/v2\/tags?post=13493"}],"curies":[{"name":"wp","href":"https:\/\/api.w.org\/{rel}","templated":true}]}}