{"id":13502,"date":"2021-03-05T11:25:09","date_gmt":"2021-03-05T11:25:09","guid":{"rendered":"https:\/\/oparanews.com.br\/?p=13502"},"modified":"2021-03-05T11:25:09","modified_gmt":"2021-03-05T11:25:09","slug":"rock-in-rio-e-adiado-para-setembro-de-2022","status":"publish","type":"post","link":"https:\/\/www.oparanews.com.br\/index.php\/2021\/03\/05\/rock-in-rio-e-adiado-para-setembro-de-2022\/","title":{"rendered":"Rock in Rio \u00e9 adiado para setembro de 2022"},"content":{"rendered":"<p>O Rock in Rio, um dos principais festivais de m\u00fasica do mundo, adiou sua pr\u00f3xima edi\u00e7\u00e3o, marcada para setembro e outubro deste ano, para setembro de 2022. O adiamento foi provocado pela pandemia de covid-19.<\/p>\n<p>\u201cO Rock in Rio mobiliza pessoas dentro e fora da Cidade do Rock. Recebemos turistas de absolutamente todos os estados, al\u00e9m do Distrito Federal, e tamb\u00e9m de mais de 70 pa\u00edses. S\u00e3o 28 mil pessoas trabalhando para levar festa e alegria para as 700 mil pessoas que nos visitam. Vamos preservar vidas neste momento. Em setembro de 2022, estaremos juntos de novo e prontos para o melhor Rock in Rio de todos os tempos, quando vamos celebrar a paz e a vida\u201d, informou o presidente do Rock in Rio, Roberto Medina, em nota publicada no site do evento.<\/p>\n<p>A pr\u00f3xima edi\u00e7\u00e3o do festival ser\u00e1 realizada nos dias 2, 3, 4, 8, 9, 10 e 11 de setembro de 2022. Segundo os organizadores, as negocia\u00e7\u00f5es com as atra\u00e7\u00f5es est\u00e3o em andamento e algumas j\u00e1 devem ser anunciadas no primeiro semestre deste ano.<\/p>\n<p>&nbsp;<\/p>\n<p><strong>Fonte: Ag\u00eancia Brasil<\/strong><\/p>\n<p>&nbsp;<\/p>\n","protected":false},"excerpt":{"rendered":"<p>O Rock in Rio, um dos principais festivais de m\u00fasica do mundo, adiou sua pr\u00f3xima edi\u00e7\u00e3o, marcada para setembro e outubro deste ano, para setembro de 2022. O adiamento foi provocado pela pandemia de covid-19. \u201cO Rock in Rio mobiliza pessoas dentro e fora da Cidade do Rock. Recebemos turistas de absolutamente todos os estados, &hellip;<\/p>\n","protected":false},"author":1,"featured_media":13503,"comment_status":"closed","ping_status":"closed","sticky":false,"template":"","format":"standard","meta":{"_jetpack_newsletter_access":"","_jetpack_dont_email_post_to_subs":false,"_jetpack_newsletter_tier_id":0,"_jetpack_memberships_contains_paywalled_content":false,"_jetpack_memberships_contains_paid_content":false,"footnotes":""},"categories":[1],"tags":[],"class_list":["post-13502","post","type-post","status-publish","format-standard","has-post-thumbnail","hentry","category-destaque"],"jetpack_sharing_enabled":true,"jetpack_featured_media_url":"","_links":{"self":[{"href":"https:\/\/www.oparanews.com.br\/index.php\/wp-json\/wp\/v2\/posts\/13502","targetHints":{"allow":["GET"]}}],"collection":[{"href":"https:\/\/www.oparanews.com.br\/index.php\/wp-json\/wp\/v2\/posts"}],"about":[{"href":"https:\/\/www.oparanews.com.br\/index.php\/wp-json\/wp\/v2\/types\/post"}],"author":[{"embeddable":true,"href":"https:\/\/www.oparanews.com.br\/index.php\/wp-json\/wp\/v2\/users\/1"}],"replies":[{"embeddable":true,"href":"https:\/\/www.oparanews.com.br\/index.php\/wp-json\/wp\/v2\/comments?post=13502"}],"version-history":[{"count":0,"href":"https:\/\/www.oparanews.com.br\/index.php\/wp-json\/wp\/v2\/posts\/13502\/revisions"}],"wp:attachment":[{"href":"https:\/\/www.oparanews.com.br\/index.php\/wp-json\/wp\/v2\/media?parent=13502"}],"wp:term":[{"taxonomy":"category","embeddable":true,"href":"https:\/\/www.oparanews.com.br\/index.php\/wp-json\/wp\/v2\/categories?post=13502"},{"taxonomy":"post_tag","embeddable":true,"href":"https:\/\/www.oparanews.com.br\/index.php\/wp-json\/wp\/v2\/tags?post=13502"}],"curies":[{"name":"wp","href":"https:\/\/api.w.org\/{rel}","templated":true}]}}