{"id":13508,"date":"2021-03-05T11:31:53","date_gmt":"2021-03-05T11:31:53","guid":{"rendered":"https:\/\/oparanews.com.br\/?p=13508"},"modified":"2021-03-05T11:31:53","modified_gmt":"2021-03-05T11:31:53","slug":"padre-fabio-de-melo-se-emociona-com-mae-vacinada","status":"publish","type":"post","link":"https:\/\/www.oparanews.com.br\/index.php\/2021\/03\/05\/padre-fabio-de-melo-se-emociona-com-mae-vacinada\/","title":{"rendered":"Padre F\u00e1bio de Melo se emociona com m\u00e3e vacinada"},"content":{"rendered":"<p>O Padre F\u00e1bio de Melo comemorou nas redes sociais a imuniza\u00e7\u00e3o contra a covid-19 de sua m\u00e3e. Ele compartilhou uma foto do momento em que Ana Maria foi vacinada em Uberl\u00e2ndia, Minas Gerais, nesta quinta-feira, 4.<\/p>\n<p>O religioso registrou o momento em que ela recebeu a vacina dentro do carro, ao lado de profissionais da sa\u00fade, e escreveu um texto emocionado na legenda.<\/p>\n<p>&#8220;S\u00f3 Deus sabe o quanto eu desejei que este dia chegasse. Minha m\u00e3e sendo vacinada. Ela, que carrega tantas fragilidades, assim como tantas outras pessoas, com muita probabilidade n\u00e3o resistiria ao v\u00edrus&#8221;, declarou. &#8220;H\u00e1 meses eu estava angustiado, esperando pelo momento dela.&#8221;<\/p>\n<p>O padre ainda fez um apelo aos governantes, exaltando a ci\u00eancia e agradecendo os profissionais da sa\u00fade. &#8220;Senhores governantes, pelo amor de Deus, agilizem para que todos tenham direito \u00e0 essa prote\u00e7\u00e3o, o mais r\u00e1pido poss\u00edvel. Depois que a vacina foi criada, depois que a ci\u00eancia nos deu o recurso, toda morte tem um peso infinitamente superior sobre as nossas responsabilidades.&#8221;<\/p>\n<p>&#8220;Obrigado aos profissionais de sa\u00fade de Uberl\u00e2ndia que a atenderam com tanto carinho&#8221;, escreveu. &#8220;H\u00e1 muito tempo uma imagem n\u00e3o me fazia chorar t\u00e3o intensamente. Um choro que o medo gerou, mas permitido e aben\u00e7oado pela gratid\u00e3o&#8221;, finalizou F\u00e1bio.<\/p>\n<p>&nbsp;<\/p>\n<p><strong>Fonte: Terra<\/strong><\/p>\n<p>&nbsp;<\/p>\n","protected":false},"excerpt":{"rendered":"<p>O Padre F\u00e1bio de Melo comemorou nas redes sociais a imuniza\u00e7\u00e3o contra a covid-19 de sua m\u00e3e. Ele compartilhou uma foto do momento em que Ana Maria foi vacinada em Uberl\u00e2ndia, Minas Gerais, nesta quinta-feira, 4. O religioso registrou o momento em que ela recebeu a vacina dentro do carro, ao lado de profissionais da &hellip;<\/p>\n","protected":false},"author":1,"featured_media":13509,"comment_status":"closed","ping_status":"closed","sticky":false,"template":"","format":"standard","meta":{"_jetpack_newsletter_access":"","_jetpack_dont_email_post_to_subs":false,"_jetpack_newsletter_tier_id":0,"_jetpack_memberships_contains_paywalled_content":false,"_jetpack_memberships_contains_paid_content":false,"footnotes":""},"categories":[1],"tags":[],"class_list":["post-13508","post","type-post","status-publish","format-standard","has-post-thumbnail","hentry","category-destaque"],"jetpack_sharing_enabled":true,"jetpack_featured_media_url":"","_links":{"self":[{"href":"https:\/\/www.oparanews.com.br\/index.php\/wp-json\/wp\/v2\/posts\/13508","targetHints":{"allow":["GET"]}}],"collection":[{"href":"https:\/\/www.oparanews.com.br\/index.php\/wp-json\/wp\/v2\/posts"}],"about":[{"href":"https:\/\/www.oparanews.com.br\/index.php\/wp-json\/wp\/v2\/types\/post"}],"author":[{"embeddable":true,"href":"https:\/\/www.oparanews.com.br\/index.php\/wp-json\/wp\/v2\/users\/1"}],"replies":[{"embeddable":true,"href":"https:\/\/www.oparanews.com.br\/index.php\/wp-json\/wp\/v2\/comments?post=13508"}],"version-history":[{"count":0,"href":"https:\/\/www.oparanews.com.br\/index.php\/wp-json\/wp\/v2\/posts\/13508\/revisions"}],"wp:attachment":[{"href":"https:\/\/www.oparanews.com.br\/index.php\/wp-json\/wp\/v2\/media?parent=13508"}],"wp:term":[{"taxonomy":"category","embeddable":true,"href":"https:\/\/www.oparanews.com.br\/index.php\/wp-json\/wp\/v2\/categories?post=13508"},{"taxonomy":"post_tag","embeddable":true,"href":"https:\/\/www.oparanews.com.br\/index.php\/wp-json\/wp\/v2\/tags?post=13508"}],"curies":[{"name":"wp","href":"https:\/\/api.w.org\/{rel}","templated":true}]}}