{"id":13523,"date":"2021-03-05T11:47:54","date_gmt":"2021-03-05T11:47:54","guid":{"rendered":"https:\/\/oparanews.com.br\/?p=13523"},"modified":"2021-03-05T11:47:54","modified_gmt":"2021-03-05T11:47:54","slug":"mp-vai-recomendar-a-cbf-a-suspensao-do-futebol","status":"publish","type":"post","link":"https:\/\/www.oparanews.com.br\/index.php\/2021\/03\/05\/mp-vai-recomendar-a-cbf-a-suspensao-do-futebol\/","title":{"rendered":"MP vai recomendar \u00e0 CBF a suspens\u00e3o do futebol"},"content":{"rendered":"<p>Em meio \u00e0 pandemia de Covid-19 e ao aumento nos n\u00fameros de casos e mortes no Brasil neste in\u00edcio de 2021, o Minist\u00e9rio P\u00fablico vai recomendar que a CBF suspenda todas as partidas do futebol nacional. Este pedido ser\u00e1 realizado por uma carta, que deve ser assinada em conjunto pelos presidentes das comiss\u00f5es estaduais que tratam da seguran\u00e7a nos est\u00e1dio. A informa\u00e7\u00e3o foi inicialmente divulgada pelo site &#8220;GE&#8221;.<\/p>\n<p>Vale destacar que o Brasil registrou nesta quinta-feira o n\u00famero de 1.786 mortes em 24 horas segundo balan\u00e7o do cons\u00f3rcio de ve\u00edculos de imprensa. Com isso, o pa\u00eds j\u00e1 contabilizou 10.796.506 casos e 261.188 \u00f3bitos por Covid-19 durante a pandemia.<\/p>\n<p>Em entrevista ao portal &#8220;GE&#8221;, o presidente da Comiss\u00e3o Nacional de Combate e Preven\u00e7\u00e3o \u00e0 Viol\u00eancia nos Est\u00e1dios, o procurador Valberto Lira, da Para\u00edba, comentou sobre sobre o desejo da entidade de suspender o futebol brasileiro e os riscos da manuten\u00e7\u00e3o dos campeonatos estaduais diante do crescimento no n\u00famero de \u00f3bitos no Brasil.<\/p>\n<p>&#8211; A Comiss\u00e3o Nacional decidiu emitir uma nota t\u00e9cnica recomendando \u00e0 CBF a suspens\u00e3o de toda e qualquer competi\u00e7\u00e3o por ela organizada, em face da situa\u00e7\u00e3o que hoje o Brasil atravessa, com o crescente n\u00famero de pessoas falecidas e contaminadas &#8211; disse Valberto Lira.<\/p>\n<p>&#8211; Todos os colegas que integram a comiss\u00e3o entendem que se n\u00e3o houver o acatamento dessa recomenda\u00e7\u00e3o, ser\u00e3o ajuizadas a\u00e7\u00f5es em todos os estados. Vivemos uma situa\u00e7\u00e3o que preocupa a todos e esses deslocamentos de equipes de um estado para outro trar\u00e1 mais possibilidade de cont\u00e1gio &#8211; acrescentou.<\/p>\n<p>Valberto Lima tamb\u00e9m se manifestou contra a realiza\u00e7\u00e3o de jogos de futebol no estado da Para\u00edba. Nesta carta, que ser\u00e1 enviada \u00e0 CBF, o presidente sugere o cancelamento do duelo entre Treze e Altos, v\u00e1lido pela Copa do Nordeste, no pr\u00f3ximo s\u00e1bado. Al\u00e9m desse confronto, ele quer a suspens\u00e3o do jogo entre Campinense e Bahia na ter\u00e7a, pela Copa do Brasil.<\/p>\n<p>Na \u00faltima quarta, o t\u00e9cnico Lisca, do Am\u00e9rica-MG, se pronunciou e fez um apelo antes da partida contra o Athletic, pelo Campeonato Mineiro. O profissional relembrou que treinadores j\u00e1 faleceram v\u00edtimas da Covid: Marcelo Veiga e Ruy Scarpino, e outros colegas foram hospitalizados ao testarem positivo para a doen\u00e7a. Essa declara\u00e7\u00e3o aumentou o debate acerca de uma nova paralisa\u00e7\u00e3o do futebol no Brasil.<\/p>\n<p>&#8211; Eu fa\u00e7o um apelo \u00e0 CBF para dar um tempo nessa Copa do Brasil. Para que a gente adie um pouco esses jogos, n\u00e9? N\u00f3s vamos jogar s\u00f3 no dia 18, talvez at\u00e9 l\u00e1. Mas, tem jogos j\u00e1 agora na pr\u00f3xima quarta-feira. E eu tenho certeza que meus colegas tamb\u00e9m est\u00e3o preocupados. Eu sou pai de fam\u00edlia, tenho duas filhas e uma esposa. Eu quero viver, gente &#8211; disse Lisca.<\/p>\n<p>Por fim, cabe salientar que dois estados j\u00e1 suspenderam de maneira oficial seus campeonatos: Cear\u00e1 e Santa Catarina. Por outro lado, a CBF ainda n\u00e3o se manifestou sobre o assunto.<\/p>\n<p>&nbsp;<\/p>\n<p><strong>Fonte: LANCE<\/strong><\/p>\n<p>&nbsp;<\/p>\n","protected":false},"excerpt":{"rendered":"<p>Em meio \u00e0 pandemia de Covid-19 e ao aumento nos n\u00fameros de casos e mortes no Brasil neste in\u00edcio de 2021, o Minist\u00e9rio P\u00fablico vai recomendar que a CBF suspenda todas as partidas do futebol nacional. Este pedido ser\u00e1 realizado por uma carta, que deve ser assinada em conjunto pelos presidentes das comiss\u00f5es estaduais que &hellip;<\/p>\n","protected":false},"author":1,"featured_media":13524,"comment_status":"closed","ping_status":"closed","sticky":false,"template":"","format":"standard","meta":{"_jetpack_newsletter_access":"","_jetpack_dont_email_post_to_subs":false,"_jetpack_newsletter_tier_id":0,"_jetpack_memberships_contains_paywalled_content":false,"_jetpack_memberships_contains_paid_content":false,"footnotes":""},"categories":[1],"tags":[],"class_list":["post-13523","post","type-post","status-publish","format-standard","has-post-thumbnail","hentry","category-destaque"],"jetpack_sharing_enabled":true,"jetpack_featured_media_url":"","_links":{"self":[{"href":"https:\/\/www.oparanews.com.br\/index.php\/wp-json\/wp\/v2\/posts\/13523","targetHints":{"allow":["GET"]}}],"collection":[{"href":"https:\/\/www.oparanews.com.br\/index.php\/wp-json\/wp\/v2\/posts"}],"about":[{"href":"https:\/\/www.oparanews.com.br\/index.php\/wp-json\/wp\/v2\/types\/post"}],"author":[{"embeddable":true,"href":"https:\/\/www.oparanews.com.br\/index.php\/wp-json\/wp\/v2\/users\/1"}],"replies":[{"embeddable":true,"href":"https:\/\/www.oparanews.com.br\/index.php\/wp-json\/wp\/v2\/comments?post=13523"}],"version-history":[{"count":0,"href":"https:\/\/www.oparanews.com.br\/index.php\/wp-json\/wp\/v2\/posts\/13523\/revisions"}],"wp:attachment":[{"href":"https:\/\/www.oparanews.com.br\/index.php\/wp-json\/wp\/v2\/media?parent=13523"}],"wp:term":[{"taxonomy":"category","embeddable":true,"href":"https:\/\/www.oparanews.com.br\/index.php\/wp-json\/wp\/v2\/categories?post=13523"},{"taxonomy":"post_tag","embeddable":true,"href":"https:\/\/www.oparanews.com.br\/index.php\/wp-json\/wp\/v2\/tags?post=13523"}],"curies":[{"name":"wp","href":"https:\/\/api.w.org\/{rel}","templated":true}]}}