{"id":13526,"date":"2021-03-05T11:52:52","date_gmt":"2021-03-05T11:52:52","guid":{"rendered":"https:\/\/oparanews.com.br\/?p=13526"},"modified":"2021-03-05T11:52:52","modified_gmt":"2021-03-05T11:52:52","slug":"covid-19-novo-decreto-estadual-gera-alteracoes-no-comercio-de-penedo","status":"publish","type":"post","link":"https:\/\/www.oparanews.com.br\/index.php\/2021\/03\/05\/covid-19-novo-decreto-estadual-gera-alteracoes-no-comercio-de-penedo\/","title":{"rendered":"Covid-19: Novo decreto estadual gera altera\u00e7\u00f5es no com\u00e9rcio de Penedo"},"content":{"rendered":"<p>O primeiro final de semana de mar\u00e7o deste ano ficar\u00e1 marcado como a volta de Alagoas para a fase amarela no combate ao Covid-19. A retomada de normas restritivas foi decretada nesta quinta-feira, 04, pelo governador Renan Filho.<\/p>\n<p>As medidas para reduzir a dissemina\u00e7\u00e3o do coronav\u00edrus entram em vigor por sete dias, a partir deste sexta-feira, 05, quando setores funcionar\u00e3o com hor\u00e1rio e capacidade de p\u00fablico reduzida.<\/p>\n<p>Templos, igrejas e demais institui\u00e7\u00f5es religiosas precisam realizar as celebra\u00e7\u00f5es com 60% da capacidade dos locais.<\/p>\n<p>Casas de shows e boates n\u00e3o poder\u00e3o funcionar, enquanto que bares e restaurantes continuam abertos at\u00e9 as 23 horas, mas atendendo at\u00e9 o limite da metade de pessoas que cabem dentro dos locais, com mesas dispostas respeitando a dist\u00e2ncia de 1,5m entre clientes.<\/p>\n<p><strong>Transporte<\/strong><\/p>\n<p>A mesma medida tamb\u00e9m vale para o servi\u00e7o de transporte de passageiros, intermunicipal e tur\u00edstico, que continua sendo ofertado com 50% de sua lota\u00e7\u00e3o. Academias de gin\u00e1stica, clubes e centro de treinamento em pr\u00e1ticas esportivas tamb\u00e9m podem funcionar com 50% da capacidade de clientes\/atletas.<\/p>\n<p>O Governo de Alagoas tamb\u00e9m determina que eventos e festas em geral est\u00e3o suspensos e proibidos, inclusive de car\u00e1ter privado ou comercial. Reuni\u00f5es presenciais com mais de 20 pessoas tamb\u00e9m est\u00e3o vetadas.<\/p>\n<p>O mesmo decreto prev\u00ea ainda que as aulas na rede privada permanecem autorizadas.<\/p>\n<p><strong>Com\u00e9rcio<\/strong><\/p>\n<p>Todas as lojas de ruas localizadas fora do centro de Penedo passam a funcionar a partir das 10h, fechando \u00e0s 19h. Para os estabelecimentos situados na Avenida Floriano Peixoto, Largo da Igreja S\u00e3o Gon\u00e7alo e toda \u00e1rea que compreende o com\u00e9rcio no Centro Hist\u00f3rico o hor\u00e1rio ser\u00e1 das 09h \u00e0s 17 horas.<\/p>\n<p>Al\u00e9m das medidas v\u00e1lidas por sete dias, as recomenda\u00e7\u00f5es gerais para o enfrentamento da pandemia permanecem inalteradas, como uso obrigat\u00f3rio de m\u00e1scara dentro dos locais de trabalho, assim como nas ruas.<\/p>\n<p>Os estabelecimentos comerciais devem disponibilizar \u00e1lcool 70%, intensificar a limpeza nos ambientes a cada duas horas, sinalizar o piso para que os clientes percebam o respeito \u00e0 dist\u00e2ncia m\u00ednima de 1,5m entre eles e a separa\u00e7\u00e3o entre as esta\u00e7\u00f5es de trabalho de, pelo menos, dois metros.<\/p>\n<p>Quem detectar estabelecimento funcionando de forma irregular ou a realiza\u00e7\u00e3o de festas\/aglomera\u00e7\u00f5es, pode denunciar usando o n\u00famero 190.<\/p>\n<p>&nbsp;<\/p>\n<p><strong>Fonte: Decom &#8211; PMP<\/strong><\/p>\n<p>&nbsp;<\/p>\n","protected":false},"excerpt":{"rendered":"<p>O primeiro final de semana de mar\u00e7o deste ano ficar\u00e1 marcado como a volta de Alagoas para a fase amarela no combate ao Covid-19. A retomada de normas restritivas foi decretada nesta quinta-feira, 04, pelo governador Renan Filho. As medidas para reduzir a dissemina\u00e7\u00e3o do coronav\u00edrus entram em vigor por sete dias, a partir deste &hellip;<\/p>\n","protected":false},"author":1,"featured_media":13527,"comment_status":"closed","ping_status":"closed","sticky":false,"template":"","format":"standard","meta":{"_jetpack_newsletter_access":"","_jetpack_dont_email_post_to_subs":false,"_jetpack_newsletter_tier_id":0,"_jetpack_memberships_contains_paywalled_content":false,"_jetpack_memberships_contains_paid_content":false,"footnotes":""},"categories":[1],"tags":[],"class_list":["post-13526","post","type-post","status-publish","format-standard","has-post-thumbnail","hentry","category-destaque"],"jetpack_sharing_enabled":true,"jetpack_featured_media_url":"","_links":{"self":[{"href":"https:\/\/www.oparanews.com.br\/index.php\/wp-json\/wp\/v2\/posts\/13526","targetHints":{"allow":["GET"]}}],"collection":[{"href":"https:\/\/www.oparanews.com.br\/index.php\/wp-json\/wp\/v2\/posts"}],"about":[{"href":"https:\/\/www.oparanews.com.br\/index.php\/wp-json\/wp\/v2\/types\/post"}],"author":[{"embeddable":true,"href":"https:\/\/www.oparanews.com.br\/index.php\/wp-json\/wp\/v2\/users\/1"}],"replies":[{"embeddable":true,"href":"https:\/\/www.oparanews.com.br\/index.php\/wp-json\/wp\/v2\/comments?post=13526"}],"version-history":[{"count":0,"href":"https:\/\/www.oparanews.com.br\/index.php\/wp-json\/wp\/v2\/posts\/13526\/revisions"}],"wp:attachment":[{"href":"https:\/\/www.oparanews.com.br\/index.php\/wp-json\/wp\/v2\/media?parent=13526"}],"wp:term":[{"taxonomy":"category","embeddable":true,"href":"https:\/\/www.oparanews.com.br\/index.php\/wp-json\/wp\/v2\/categories?post=13526"},{"taxonomy":"post_tag","embeddable":true,"href":"https:\/\/www.oparanews.com.br\/index.php\/wp-json\/wp\/v2\/tags?post=13526"}],"curies":[{"name":"wp","href":"https:\/\/api.w.org\/{rel}","templated":true}]}}