{"id":13529,"date":"2021-03-05T20:00:59","date_gmt":"2021-03-05T20:00:59","guid":{"rendered":"https:\/\/oparanews.com.br\/?p=13529"},"modified":"2021-03-05T20:00:59","modified_gmt":"2021-03-05T20:00:59","slug":"secretaria-de-saude-de-penedo-emite-nota-sobre-aglomeracao-em-loja-da-cidade","status":"publish","type":"post","link":"https:\/\/www.oparanews.com.br\/index.php\/2021\/03\/05\/secretaria-de-saude-de-penedo-emite-nota-sobre-aglomeracao-em-loja-da-cidade\/","title":{"rendered":"Secretaria de Sa\u00fade de Penedo emite nota sobre aglomera\u00e7\u00e3o em loja da cidade"},"content":{"rendered":"<p><strong>Nota Oficial \u2013 Secretaria Municipal de Sa\u00fade da Prefeitura de Penedo<\/strong><\/p>\n<p>Penedo ganhou nesta sexta-feira, 05, mais um investimento que gera emprego e renda para o munic\u00edpio. Hoje, o nosso com\u00e9rcio abriu mais uma empresa de grande porte, o que significa que temos uma economia forte e bem consolidada.<\/p>\n<p>A novidade atraiu o interesse de nossa gente e gerou aglomera\u00e7\u00e3o, situa\u00e7\u00e3o que favorece a dissemina\u00e7\u00e3o do coronav\u00edrus e est\u00e1 proibida por decreto estadual que coloca Alagoas na denominada fase amarela do controle de distanciamento social.<\/p>\n<p>Para que n\u00e3o reste d\u00favida sobre como o governo Crescendo Com Seu Povo atua de modo impessoal e fundamentado na lei, sempre em favor da popula\u00e7\u00e3o, a Secretaria Municipal de Sa\u00fade de Penedo tomou as medidas cab\u00edveis.<\/p>\n<p>Uma equipe da Vigil\u00e2ncia Sanit\u00e1ria foi imediatamente enviada at\u00e9 o local, constatando que a aglomera\u00e7\u00e3o era gerada por distribui\u00e7\u00e3o de brindes (copos). A inspe\u00e7\u00e3o resultou em orienta\u00e7\u00f5es, conforme a rotina de trabalho do setor, e tamb\u00e9m em notifica\u00e7\u00e3o ao estabelecimento.<\/p>\n<p>A Secretaria Municipal de Sa\u00fade entende a import\u00e2ncia do com\u00e9rcio e a abertura de novos estabelecimentos em Penedo, mas n\u00e3o pode se omitir diante de situa\u00e7\u00f5es que exigem a nossa atua\u00e7\u00e3o, especialmente no que diz respeito a pandemia de Covid-19.<\/p>\n<p>Vale salientar que estamos diariamente fiscalizando e orientando a popula\u00e7\u00e3o, em especial comerciantes, feirantes e empres\u00e1rios de todos os setores, trabalho que ser\u00e1 intensificado, amparado inclusive no decreto estadual em vigor a partir desta sexta-feira, 05.<\/p>\n<p>Em tempo, clamamos \u00e0 popula\u00e7\u00e3o penedense e da regi\u00e3o que evite aglomera\u00e7\u00f5es, use m\u00e1scara e obede\u00e7a rigorosamente as autoridades de sa\u00fade .<\/p>\n<p>&nbsp;<\/p>\n<p><strong>Fonte: Decom &#8211; PMP<\/strong><\/p>\n<p>&nbsp;<\/p>\n","protected":false},"excerpt":{"rendered":"<p>Nota Oficial \u2013 Secretaria Municipal de Sa\u00fade da Prefeitura de Penedo Penedo ganhou nesta sexta-feira, 05, mais um investimento que gera emprego e renda para o munic\u00edpio. Hoje, o nosso com\u00e9rcio abriu mais uma empresa de grande porte, o que significa que temos uma economia forte e bem consolidada. A novidade atraiu o interesse de &hellip;<\/p>\n","protected":false},"author":1,"featured_media":13530,"comment_status":"closed","ping_status":"closed","sticky":false,"template":"","format":"standard","meta":{"_jetpack_newsletter_access":"","_jetpack_dont_email_post_to_subs":false,"_jetpack_newsletter_tier_id":0,"_jetpack_memberships_contains_paywalled_content":false,"_jetpack_memberships_contains_paid_content":false,"footnotes":""},"categories":[1],"tags":[],"class_list":["post-13529","post","type-post","status-publish","format-standard","has-post-thumbnail","hentry","category-destaque"],"jetpack_sharing_enabled":true,"jetpack_featured_media_url":"","_links":{"self":[{"href":"https:\/\/www.oparanews.com.br\/index.php\/wp-json\/wp\/v2\/posts\/13529","targetHints":{"allow":["GET"]}}],"collection":[{"href":"https:\/\/www.oparanews.com.br\/index.php\/wp-json\/wp\/v2\/posts"}],"about":[{"href":"https:\/\/www.oparanews.com.br\/index.php\/wp-json\/wp\/v2\/types\/post"}],"author":[{"embeddable":true,"href":"https:\/\/www.oparanews.com.br\/index.php\/wp-json\/wp\/v2\/users\/1"}],"replies":[{"embeddable":true,"href":"https:\/\/www.oparanews.com.br\/index.php\/wp-json\/wp\/v2\/comments?post=13529"}],"version-history":[{"count":0,"href":"https:\/\/www.oparanews.com.br\/index.php\/wp-json\/wp\/v2\/posts\/13529\/revisions"}],"wp:attachment":[{"href":"https:\/\/www.oparanews.com.br\/index.php\/wp-json\/wp\/v2\/media?parent=13529"}],"wp:term":[{"taxonomy":"category","embeddable":true,"href":"https:\/\/www.oparanews.com.br\/index.php\/wp-json\/wp\/v2\/categories?post=13529"},{"taxonomy":"post_tag","embeddable":true,"href":"https:\/\/www.oparanews.com.br\/index.php\/wp-json\/wp\/v2\/tags?post=13529"}],"curies":[{"name":"wp","href":"https:\/\/api.w.org\/{rel}","templated":true}]}}