{"id":13532,"date":"2021-03-05T20:47:22","date_gmt":"2021-03-05T20:47:22","guid":{"rendered":"https:\/\/oparanews.com.br\/?p=13532"},"modified":"2021-03-05T20:47:22","modified_gmt":"2021-03-05T20:47:22","slug":"alagoas-registra-623-casos-e-13-mortes-por-covid-19-em-24-horas","status":"publish","type":"post","link":"https:\/\/www.oparanews.com.br\/index.php\/2021\/03\/05\/alagoas-registra-623-casos-e-13-mortes-por-covid-19-em-24-horas\/","title":{"rendered":"Alagoas registra 623 casos e 13 mortes por Covid-19 em 24 horas"},"content":{"rendered":"<p>O estado de Alagoas registrou 13 mortes pela Covid-19 nas \u00faltimas 24 horas, chegando ao total de 3.060 \u00f3bitos desde o in\u00edcio da pandemia. Os dados s\u00e3o do boletim epidemiol\u00f3gico da Secretaria de Estado da Sa\u00fade (Sesau) divulgado nesta sexta-feira (5).<\/p>\n<p>O interior concentrou o maior n\u00famero de \u00f3bitos, 9 no total. Macei\u00f3 registrou 4 mortes e 294 casos nas \u00faltimas 24 horas.<\/p>\n<p>Desde o come\u00e7o da pandemia, o estado registrou 134.419 casos confirmados da doen\u00e7a; 623 desses casos confirmados nas \u00faltimas 24 horas.<\/p>\n<p>Do total de pessoas infectadas pelo novo coronav\u00edrus, 127.580 se recuperaram e 3.107 est\u00e3o em tratamento, em isolamento domiciliar.<\/p>\n<p>O n\u00famero acumulado de casos suspeitos chegou a 12.692.<\/p>\n<p>Do total de leitos exclusivos para Covid-19, 64% estavam ocupados nessa quinta (4). A taxa de ocupa\u00e7\u00e3o de leitos de UTI estava em 72%.<\/p>\n<p>Os \u00f3bitos registrados em 24 horas n\u00e3o significam, necessariamente, que as mortes aconteceram de um dia para o outro, mas que foram contabilizadas no sistema neste per\u00edodo. Os n\u00fameros dos boletins epidemiol\u00f3gicos costumam ser menores aos fins de semana e \u00e0s segundas-feiras por causa do atraso na notifica\u00e7\u00e3o nessas datas.<\/p>\n<p><strong>Mais 13 mortes por Covid-19<\/strong><\/p>\n<p>Macei\u00f3: Homem, 47 anos \u2013 sem comorbidades<br \/>\nMacei\u00f3: Homem, 55 anos \u2013 sem comorbidades<br \/>\nMacei\u00f3: Mulher, 63 anos \u2013 hipertensa e diab\u00e9tica<br \/>\nMacei\u00f3: Mulher, 84 anos \u2013 sem comorbidades<br \/>\nJunqueiro: Homem, 53 anos \u2013 diabetes e doen\u00e7a cardiovascular<br \/>\nS\u00e3o Jos\u00e9 da Tapera: Homem, 55 anos \u2013 sem comorbidades<br \/>\nTraipu: Homem, 66 anos \u2013 diabetes e hipertens\u00e3o<br \/>\nMarechal Deodoro: Homem, 73 anos \u2013 hipertens\u00e3o<br \/>\nTraipu: Homem, 74 anos \u2013 sem comorbidades<br \/>\nArapiraca: Homem, 74 anos \u2013 sem comorbidades<br \/>\nCampo Alegre: Homem, 76 anos \u2013 diabetes e hipertens\u00e3o<br \/>\nArapiraca: Homem, 77 anos \u2013 hipertenso e c\u00e2ncer<br \/>\nP\u00e3o de A\u00e7\u00facar: Mulher, 72 anos \u2013 c\u00e2ncer<\/p>\n<p>&nbsp;<\/p>\n<p><strong>Fonte: Ag\u00eancia Alagoas<\/strong><\/p>\n<p>&nbsp;<\/p>\n","protected":false},"excerpt":{"rendered":"<p>O estado de Alagoas registrou 13 mortes pela Covid-19 nas \u00faltimas 24 horas, chegando ao total de 3.060 \u00f3bitos desde o in\u00edcio da pandemia. Os dados s\u00e3o do boletim epidemiol\u00f3gico da Secretaria de Estado da Sa\u00fade (Sesau) divulgado nesta sexta-feira (5). O interior concentrou o maior n\u00famero de \u00f3bitos, 9 no total. Macei\u00f3 registrou 4 &hellip;<\/p>\n","protected":false},"author":1,"featured_media":4909,"comment_status":"closed","ping_status":"closed","sticky":false,"template":"","format":"standard","meta":{"_jetpack_newsletter_access":"","_jetpack_dont_email_post_to_subs":false,"_jetpack_newsletter_tier_id":0,"_jetpack_memberships_contains_paywalled_content":false,"_jetpack_memberships_contains_paid_content":false,"footnotes":""},"categories":[1],"tags":[],"class_list":["post-13532","post","type-post","status-publish","format-standard","has-post-thumbnail","hentry","category-destaque"],"jetpack_sharing_enabled":true,"jetpack_featured_media_url":"","_links":{"self":[{"href":"https:\/\/www.oparanews.com.br\/index.php\/wp-json\/wp\/v2\/posts\/13532","targetHints":{"allow":["GET"]}}],"collection":[{"href":"https:\/\/www.oparanews.com.br\/index.php\/wp-json\/wp\/v2\/posts"}],"about":[{"href":"https:\/\/www.oparanews.com.br\/index.php\/wp-json\/wp\/v2\/types\/post"}],"author":[{"embeddable":true,"href":"https:\/\/www.oparanews.com.br\/index.php\/wp-json\/wp\/v2\/users\/1"}],"replies":[{"embeddable":true,"href":"https:\/\/www.oparanews.com.br\/index.php\/wp-json\/wp\/v2\/comments?post=13532"}],"version-history":[{"count":0,"href":"https:\/\/www.oparanews.com.br\/index.php\/wp-json\/wp\/v2\/posts\/13532\/revisions"}],"wp:attachment":[{"href":"https:\/\/www.oparanews.com.br\/index.php\/wp-json\/wp\/v2\/media?parent=13532"}],"wp:term":[{"taxonomy":"category","embeddable":true,"href":"https:\/\/www.oparanews.com.br\/index.php\/wp-json\/wp\/v2\/categories?post=13532"},{"taxonomy":"post_tag","embeddable":true,"href":"https:\/\/www.oparanews.com.br\/index.php\/wp-json\/wp\/v2\/tags?post=13532"}],"curies":[{"name":"wp","href":"https:\/\/api.w.org\/{rel}","templated":true}]}}