{"id":13535,"date":"2021-03-06T01:33:53","date_gmt":"2021-03-06T01:33:53","guid":{"rendered":"https:\/\/oparanews.com.br\/?p=13535"},"modified":"2021-03-06T01:33:53","modified_gmt":"2021-03-06T01:33:53","slug":"mario-marroquim-e-oficialmente-o-novo-presidente-do-crb","status":"publish","type":"post","link":"https:\/\/www.oparanews.com.br\/index.php\/2021\/03\/06\/mario-marroquim-e-oficialmente-o-novo-presidente-do-crb\/","title":{"rendered":"M\u00e1rio Marroquim \u00e9 oficialmente o novo presidente do CRB"},"content":{"rendered":"<p>O Clube de Regatas Brasil conhece oficialmente seu novo presidente. Como era esperado h\u00e1 um m\u00eas, M\u00e1rio Marroquim, da chapa &#8220;Avante, Galo!&#8221;, \u00e9 o novo presidente do Regatas. O conselheiro regatiano de 54 anos foi aclamado na noite desta sexta-feira (5), na Associa\u00e7\u00e3o Comercial de Macei\u00f3, no bairro do Jaragu\u00e1. \u00c0s 18h ocorreu a primeira chamada da elei\u00e7\u00e3o, com mais da metade dos conselheiros do Galo presentes, e tudo ocorreu sem maiores problemas. Oficialmente \u00e0s 20h17 M\u00e1rio Marroquim foi aclamado presidente. Ele \u00e9 o segundo presidente em dez anos.<\/p>\n<p>Candidata de forma solit\u00e1ria no pleito, a chapa &#8220;Avante, Galo!&#8221; ficar\u00e1 \u00e0 frente do CRB pelo pr\u00f3ximo bi\u00eanio. O novo presidente teve o apoio de Marcos Barbosa, que presidiu o Galo entre 2011 e este in\u00edcio de 2021. A chapa tem, al\u00e9m do novo presidente, Carlos Rubens de Oliveira Sobrinho para o cargo de 1\u00ba vice-presidente do Conselho Diretor. Jos\u00e9 Enaldo Marques Silva e Fernando Carlos Ara\u00fajo de Paiva ser\u00e3o respectivamente, o coordenador do comit\u00ea gestor e sub-coordernador do comit\u00ea gestor.<\/p>\n<p>&#8220;Marcos Barbosa continuar\u00e1 nos apoiando. A administra\u00e7\u00e3o dele \u00e9 uma administra\u00e7\u00e3o hist\u00f3rica. O CRB, hoje, \u00e9 um time \u00edntegro, tem solidez, \u00e9 est\u00e1vel&#8221;, enfatizou o novo sub-coordenador Fernando Paiva, em entrevista a R\u00e1dio 98,3 FM. Inclusive, ele completou explicando as fun\u00e7\u00f5es e responsabilidades do novo comit\u00ea gestor: &#8220;Tem a responsabilidade de toda a administra\u00e7\u00e3o do clube, \u00e0 exce\u00e7\u00e3o do futebol profissional e amador. \u00c9 respons\u00e1vel pelo patrim\u00f4nio, pelo marketing, pelas sedes sociais, s\u00f3cio-torcedor. Enfim, faz as partes administrativa e financeira do clube&#8221;.<\/p>\n<p>O novo presidente, M\u00e1rio Marroquim, est\u00e1 otimista \u00e0 frente do cargo, principalmente por ter participa\u00e7\u00e3o importante na chegada de refor\u00e7os em 2021, ainda na gest\u00e3o de Marcos Barbosa. &#8220;Estamos prontos para um grande desafio e Deus est\u00e1 no comando. E, com Deus no comando, n\u00e3o tem quem segure a gente&#8221;, disse o novo mandat\u00e1rio regatiano.<\/p>\n<p>&#8220;Tem cada dia mais gente se engajando no nosso projeto e, com certeza, ser\u00e1 um projeto vitorioso. Com isso implantado no clube, n\u00e3o tem como dar errado&#8221;, enfatizou o otimista M\u00e1rio Marroquim.<\/p>\n<p>Esta \u00e9 a 66\u00aa chapa que assume a presid\u00eancia do CRB. Por\u00e9m, M\u00e1rio Marroquim s\u00f3 tomar\u00e1 posse no pr\u00f3ximo dia 1\u00ba de abril, quase na metade da temporada. O CRB entra em campo neste s\u00e1bado (6), \u00e0s 16h, para encarar o Sport Recife, pela 2\u00aa rodada da Copa do Nordeste. O Galo estreia em casa no Regional, ainda buscando a primeira vit\u00f3ria na competi\u00e7\u00e3o.<\/p>\n<p>&nbsp;<\/p>\n<p><strong>Fonte: Gazetaweb<\/strong><\/p>\n<p>&nbsp;<\/p>\n","protected":false},"excerpt":{"rendered":"<p>O Clube de Regatas Brasil conhece oficialmente seu novo presidente. Como era esperado h\u00e1 um m\u00eas, M\u00e1rio Marroquim, da chapa &#8220;Avante, Galo!&#8221;, \u00e9 o novo presidente do Regatas. O conselheiro regatiano de 54 anos foi aclamado na noite desta sexta-feira (5), na Associa\u00e7\u00e3o Comercial de Macei\u00f3, no bairro do Jaragu\u00e1. \u00c0s 18h ocorreu a primeira &hellip;<\/p>\n","protected":false},"author":1,"featured_media":13536,"comment_status":"closed","ping_status":"closed","sticky":false,"template":"","format":"standard","meta":{"_jetpack_newsletter_access":"","_jetpack_dont_email_post_to_subs":false,"_jetpack_newsletter_tier_id":0,"_jetpack_memberships_contains_paywalled_content":false,"_jetpack_memberships_contains_paid_content":false,"footnotes":""},"categories":[1],"tags":[],"class_list":["post-13535","post","type-post","status-publish","format-standard","has-post-thumbnail","hentry","category-destaque"],"jetpack_sharing_enabled":true,"jetpack_featured_media_url":"","_links":{"self":[{"href":"https:\/\/www.oparanews.com.br\/index.php\/wp-json\/wp\/v2\/posts\/13535","targetHints":{"allow":["GET"]}}],"collection":[{"href":"https:\/\/www.oparanews.com.br\/index.php\/wp-json\/wp\/v2\/posts"}],"about":[{"href":"https:\/\/www.oparanews.com.br\/index.php\/wp-json\/wp\/v2\/types\/post"}],"author":[{"embeddable":true,"href":"https:\/\/www.oparanews.com.br\/index.php\/wp-json\/wp\/v2\/users\/1"}],"replies":[{"embeddable":true,"href":"https:\/\/www.oparanews.com.br\/index.php\/wp-json\/wp\/v2\/comments?post=13535"}],"version-history":[{"count":0,"href":"https:\/\/www.oparanews.com.br\/index.php\/wp-json\/wp\/v2\/posts\/13535\/revisions"}],"wp:attachment":[{"href":"https:\/\/www.oparanews.com.br\/index.php\/wp-json\/wp\/v2\/media?parent=13535"}],"wp:term":[{"taxonomy":"category","embeddable":true,"href":"https:\/\/www.oparanews.com.br\/index.php\/wp-json\/wp\/v2\/categories?post=13535"},{"taxonomy":"post_tag","embeddable":true,"href":"https:\/\/www.oparanews.com.br\/index.php\/wp-json\/wp\/v2\/tags?post=13535"}],"curies":[{"name":"wp","href":"https:\/\/api.w.org\/{rel}","templated":true}]}}