{"id":13538,"date":"2021-03-06T11:34:51","date_gmt":"2021-03-06T11:34:51","guid":{"rendered":"https:\/\/oparanews.com.br\/?p=13538"},"modified":"2021-03-06T11:34:51","modified_gmt":"2021-03-06T11:34:51","slug":"prefeitura-de-penedo-tera-superintendencia-de-iluminacao-publica","status":"publish","type":"post","link":"https:\/\/www.oparanews.com.br\/index.php\/2021\/03\/06\/prefeitura-de-penedo-tera-superintendencia-de-iluminacao-publica\/","title":{"rendered":"Prefeitura de Penedo ter\u00e1 Superintend\u00eancia de Ilumina\u00e7\u00e3o P\u00fablica"},"content":{"rendered":"<p>O setor respons\u00e1vel por iluminar vias e logradouros p\u00fablicos em Penedo ser\u00e1 mais \u00e1gil e melhor estruturado.<\/p>\n<p>O avan\u00e7o em mais uma \u00e1rea de atua\u00e7\u00e3o do governo Crescendo Com Seu Povo vir\u00e1 com a implanta\u00e7\u00e3o da Superintend\u00eancia de Ilumina\u00e7\u00e3o de Penedo (SIP), conforme anunciou o Prefeito de Penedo nesta sexta-feira, 05.<\/p>\n<p>O trabalho atualmente vinculado \u00e0 Secretaria Municipal de Servi\u00e7os P\u00fablicos (SEMSP) passar\u00e1 para a responsabilidade de uma superintend\u00eancia, o que gera mais autonomia administrativa.<\/p>\n<p>A inova\u00e7\u00e3o constar\u00e1 na minirreforma administrativa que dever\u00e1 ser encaminhada \u00e0 C\u00e2mara Municipal de Penedo na pr\u00f3xima semana.<\/p>\n<p>As modifica\u00e7\u00f5es tamb\u00e9m incluem a cria\u00e7\u00e3o da Secretaria Municipal de Esportes, pasta que ser\u00e1 administrada pelo professor e empres\u00e1rio Givaldo Vasconcelos, o Juquinha.<\/p>\n<p>Para o comando da SIP, Ronaldo Lopes convidou Ricardo Ara\u00fajo, ex-secret\u00e1rio de Agricultura de Penedo e ex-superintendente da SMTT nos governos Marcius Beltr\u00e3o\/Ronaldo Lopes.<\/p>\n<p>&nbsp;<\/p>\n<p><strong>Fonte: Decom &#8211; PMP<\/strong><\/p>\n<p>&nbsp;<\/p>\n","protected":false},"excerpt":{"rendered":"<p>O setor respons\u00e1vel por iluminar vias e logradouros p\u00fablicos em Penedo ser\u00e1 mais \u00e1gil e melhor estruturado. O avan\u00e7o em mais uma \u00e1rea de atua\u00e7\u00e3o do governo Crescendo Com Seu Povo vir\u00e1 com a implanta\u00e7\u00e3o da Superintend\u00eancia de Ilumina\u00e7\u00e3o de Penedo (SIP), conforme anunciou o Prefeito de Penedo nesta sexta-feira, 05. O trabalho atualmente vinculado &hellip;<\/p>\n","protected":false},"author":1,"featured_media":13539,"comment_status":"closed","ping_status":"closed","sticky":false,"template":"","format":"standard","meta":{"_jetpack_newsletter_access":"","_jetpack_dont_email_post_to_subs":false,"_jetpack_newsletter_tier_id":0,"_jetpack_memberships_contains_paywalled_content":false,"_jetpack_memberships_contains_paid_content":false,"footnotes":""},"categories":[1],"tags":[],"class_list":["post-13538","post","type-post","status-publish","format-standard","has-post-thumbnail","hentry","category-destaque"],"jetpack_sharing_enabled":true,"jetpack_featured_media_url":"","_links":{"self":[{"href":"https:\/\/www.oparanews.com.br\/index.php\/wp-json\/wp\/v2\/posts\/13538","targetHints":{"allow":["GET"]}}],"collection":[{"href":"https:\/\/www.oparanews.com.br\/index.php\/wp-json\/wp\/v2\/posts"}],"about":[{"href":"https:\/\/www.oparanews.com.br\/index.php\/wp-json\/wp\/v2\/types\/post"}],"author":[{"embeddable":true,"href":"https:\/\/www.oparanews.com.br\/index.php\/wp-json\/wp\/v2\/users\/1"}],"replies":[{"embeddable":true,"href":"https:\/\/www.oparanews.com.br\/index.php\/wp-json\/wp\/v2\/comments?post=13538"}],"version-history":[{"count":0,"href":"https:\/\/www.oparanews.com.br\/index.php\/wp-json\/wp\/v2\/posts\/13538\/revisions"}],"wp:attachment":[{"href":"https:\/\/www.oparanews.com.br\/index.php\/wp-json\/wp\/v2\/media?parent=13538"}],"wp:term":[{"taxonomy":"category","embeddable":true,"href":"https:\/\/www.oparanews.com.br\/index.php\/wp-json\/wp\/v2\/categories?post=13538"},{"taxonomy":"post_tag","embeddable":true,"href":"https:\/\/www.oparanews.com.br\/index.php\/wp-json\/wp\/v2\/tags?post=13538"}],"curies":[{"name":"wp","href":"https:\/\/api.w.org\/{rel}","templated":true}]}}