{"id":13547,"date":"2021-03-07T15:34:46","date_gmt":"2021-03-07T15:34:46","guid":{"rendered":"https:\/\/oparanews.com.br\/?p=13547"},"modified":"2021-03-07T15:34:46","modified_gmt":"2021-03-07T15:34:46","slug":"demanda-por-uti-para-idosos-acima-de-85-cai-em-pernambuco","status":"publish","type":"post","link":"https:\/\/www.oparanews.com.br\/index.php\/2021\/03\/07\/demanda-por-uti-para-idosos-acima-de-85-cai-em-pernambuco\/","title":{"rendered":"Demanda por UTI para idosos acima de 85 cai em Pernambuco"},"content":{"rendered":"<p>Um levantamento da Secretaria Estadual de Sa\u00fade (SES-PE) mostrou uma diminui\u00e7\u00e3o no n\u00famero de solicita\u00e7\u00f5es de leitos de Unidade de Terapia Intensiva (UTI) para idosos com mais de 85 anos com Covid-19 no estado ap\u00f3s o in\u00edcio da vacina\u00e7\u00e3o. Os dados s\u00e3o preliminares e apontaram, tamb\u00e9m, para uma redu\u00e7\u00e3o de casos de S\u00edndrome Respirat\u00f3ria Aguda Grave (Srag).<\/p>\n<p>De acordo com SES-PE, foram 15 pedidos por UTI a menos entre a segunda semana de fevereiro, quando foram 51 registros, e a \u00faltima semana desse mesmo m\u00eas, que contou com 36, uma diminui\u00e7\u00e3o de 29%.<\/p>\n<p>Os dados preliminares da secretaria tamb\u00e9m apontaram que, na \u00faltima semana de janeiro foram registrados 71 casos de Srag nessa faixa et\u00e1ria, enquanto na \u00faltima semana de fevereiro foram 53 casos, redu\u00e7\u00e3o de cerca de 25%.<\/p>\n<p>&#8220;S\u00e3o dados ainda preliminares, mas s\u00e3o dados animadores, que nos d\u00e3o esperan\u00e7a de que a vacina poder\u00e1, sim, fazer a diferen\u00e7a&#8221;, declarou o secret\u00e1rio estadual de sa\u00fade, Andr\u00e9 Longo.<\/p>\n<p>No Recife, a vacina\u00e7\u00e3o de idosos acima de 85 anos teve in\u00edcio em 26 de janeiro deste ano. Esse grupo priorit\u00e1rio recebeu a primeira dose da vacina Oxford\/AstraZeneca, que necessita de uma segunda dose em at\u00e9 tr\u00eas meses para completar a imuniza\u00e7\u00e3o.<\/p>\n<p>De acordo com o \u00faltimo boletim divulgado na noite da quinta-feira (4), Pernambuco j\u00e1 aplicou a primeira dose em 80.161 idosos a partir de 85 anos, imunizando todo o p\u00fablico-alvo estimado. O boletim tamb\u00e9m apontou que 35 pessoas dessa faixa et\u00e1ria j\u00e1 receberam as duas doses do imunizante.<\/p>\n<p>Um estudo preliminar apontou que a vacina de Oxford teve efic\u00e1cia de 76% tr\u00eas semanas depois da primeira dose, taxa que \u00e9 mantida at\u00e9 90 dias ap\u00f3s a aplica\u00e7\u00e3o. Os estudos cl\u00ednicos da vacina tamb\u00e9m apontaram uma efic\u00e1cia de 82,4% com a segunda dose, em um intervalo de tr\u00eas meses ap\u00f3s a primeira dose.<\/p>\n<p>&nbsp;<\/p>\n<p><strong>Fonte: G1<\/strong><\/p>\n<p>&nbsp;<\/p>\n","protected":false},"excerpt":{"rendered":"<p>Um levantamento da Secretaria Estadual de Sa\u00fade (SES-PE) mostrou uma diminui\u00e7\u00e3o no n\u00famero de solicita\u00e7\u00f5es de leitos de Unidade de Terapia Intensiva (UTI) para idosos com mais de 85 anos com Covid-19 no estado ap\u00f3s o in\u00edcio da vacina\u00e7\u00e3o. Os dados s\u00e3o preliminares e apontaram, tamb\u00e9m, para uma redu\u00e7\u00e3o de casos de S\u00edndrome Respirat\u00f3ria Aguda &hellip;<\/p>\n","protected":false},"author":1,"featured_media":13548,"comment_status":"closed","ping_status":"closed","sticky":false,"template":"","format":"standard","meta":{"_jetpack_newsletter_access":"","_jetpack_dont_email_post_to_subs":false,"_jetpack_newsletter_tier_id":0,"_jetpack_memberships_contains_paywalled_content":false,"_jetpack_memberships_contains_paid_content":false,"footnotes":""},"categories":[1],"tags":[],"class_list":["post-13547","post","type-post","status-publish","format-standard","has-post-thumbnail","hentry","category-destaque"],"jetpack_sharing_enabled":true,"jetpack_featured_media_url":"","_links":{"self":[{"href":"https:\/\/www.oparanews.com.br\/index.php\/wp-json\/wp\/v2\/posts\/13547","targetHints":{"allow":["GET"]}}],"collection":[{"href":"https:\/\/www.oparanews.com.br\/index.php\/wp-json\/wp\/v2\/posts"}],"about":[{"href":"https:\/\/www.oparanews.com.br\/index.php\/wp-json\/wp\/v2\/types\/post"}],"author":[{"embeddable":true,"href":"https:\/\/www.oparanews.com.br\/index.php\/wp-json\/wp\/v2\/users\/1"}],"replies":[{"embeddable":true,"href":"https:\/\/www.oparanews.com.br\/index.php\/wp-json\/wp\/v2\/comments?post=13547"}],"version-history":[{"count":0,"href":"https:\/\/www.oparanews.com.br\/index.php\/wp-json\/wp\/v2\/posts\/13547\/revisions"}],"wp:attachment":[{"href":"https:\/\/www.oparanews.com.br\/index.php\/wp-json\/wp\/v2\/media?parent=13547"}],"wp:term":[{"taxonomy":"category","embeddable":true,"href":"https:\/\/www.oparanews.com.br\/index.php\/wp-json\/wp\/v2\/categories?post=13547"},{"taxonomy":"post_tag","embeddable":true,"href":"https:\/\/www.oparanews.com.br\/index.php\/wp-json\/wp\/v2\/tags?post=13547"}],"curies":[{"name":"wp","href":"https:\/\/api.w.org\/{rel}","templated":true}]}}