{"id":13571,"date":"2021-03-07T16:57:41","date_gmt":"2021-03-07T16:57:41","guid":{"rendered":"https:\/\/oparanews.com.br\/?p=13571"},"modified":"2021-03-07T16:57:41","modified_gmt":"2021-03-07T16:57:41","slug":"os-riscos-das-criancas-de-serem-as-ultimas-na-fila-da-vacina","status":"publish","type":"post","link":"https:\/\/www.oparanews.com.br\/index.php\/2021\/03\/07\/os-riscos-das-criancas-de-serem-as-ultimas-na-fila-da-vacina\/","title":{"rendered":"Os riscos das crian\u00e7as de serem as \u00faltimas na fila da vacina"},"content":{"rendered":"<p>Mesmo escassas e sendo aplicadas com lentid\u00e3o no Brasil, as vacinas contra o novo coronav\u00edrus trouxeram um certo al\u00edvio para a popula\u00e7\u00e3o. Em contrapartida, causou preocupa\u00e7\u00e3o nos pais e m\u00e3es de crian\u00e7as e adolescentes, porque, por enquanto, menores de 18 anos n\u00e3o ser\u00e3o imunizados em nenhum lugar do mundo.<\/p>\n<p>Isso acontece n\u00e3o s\u00f3 porque crian\u00e7as e adolescentes s\u00e3o menos suscet\u00edveis \u00e0 covid-19, mas tamb\u00e9m porque as vacinas em uso hoje n\u00e3o foram testadas nessas faixas et\u00e1rias.<\/p>\n<p>&#8220;Os estudos realizados com os imunizantes focaram apenas adultos&#8221;, explica a epidemiologista Anaclaudia Gastal Fassa, da Faculdade de Medicina da Universidade Federal de Pelotas (UFPel).<\/p>\n<p>&#8220;Agora, \u00e9 preciso desenvolver estudos que avaliem a sua efic\u00e1cia e seguran\u00e7a em menores de 18 anos.&#8221;<\/p>\n<p>A bi\u00f3loga \u00c9velin Santos Oliveira, p\u00f3s-doutoranda em Epidemiologia do Instituto Gon\u00e7alo Moniz da Funda\u00e7\u00e3o Oswaldo Cruz (IGM-Fiocruz), lembra que, no processo de desenvolvimento de vacinas, s\u00e3o adotados alguns crit\u00e9rios de acordo com o pat\u00f3geno estudado, no caso, o novo coronav\u00edrus, e sua atua\u00e7\u00e3o no sistema imune.<\/p>\n<p>&#8220;Como a covid-19 se mostrou inicialmente mais grave em adultos, principalmente idosos ou pessoas com comorbidades (como diabetes, obesidade, hipertens\u00e3o, por exemplo), os testes cl\u00ednicos das vacinas em desenvolvimento ocorreram em adultos e jovens maiores de 18 anos&#8221;, diz.<\/p>\n<p>&nbsp;<\/p>\n<p><strong>Fonte: BBC News Brasil<\/strong><\/p>\n<p>&nbsp;<\/p>\n","protected":false},"excerpt":{"rendered":"<p>Mesmo escassas e sendo aplicadas com lentid\u00e3o no Brasil, as vacinas contra o novo coronav\u00edrus trouxeram um certo al\u00edvio para a popula\u00e7\u00e3o. Em contrapartida, causou preocupa\u00e7\u00e3o nos pais e m\u00e3es de crian\u00e7as e adolescentes, porque, por enquanto, menores de 18 anos n\u00e3o ser\u00e3o imunizados em nenhum lugar do mundo. Isso acontece n\u00e3o s\u00f3 porque crian\u00e7as &hellip;<\/p>\n","protected":false},"author":1,"featured_media":13572,"comment_status":"closed","ping_status":"closed","sticky":false,"template":"","format":"standard","meta":{"_jetpack_newsletter_access":"","_jetpack_dont_email_post_to_subs":false,"_jetpack_newsletter_tier_id":0,"_jetpack_memberships_contains_paywalled_content":false,"_jetpack_memberships_contains_paid_content":false,"footnotes":""},"categories":[1],"tags":[],"class_list":["post-13571","post","type-post","status-publish","format-standard","has-post-thumbnail","hentry","category-destaque"],"jetpack_sharing_enabled":true,"jetpack_featured_media_url":"","_links":{"self":[{"href":"https:\/\/www.oparanews.com.br\/index.php\/wp-json\/wp\/v2\/posts\/13571","targetHints":{"allow":["GET"]}}],"collection":[{"href":"https:\/\/www.oparanews.com.br\/index.php\/wp-json\/wp\/v2\/posts"}],"about":[{"href":"https:\/\/www.oparanews.com.br\/index.php\/wp-json\/wp\/v2\/types\/post"}],"author":[{"embeddable":true,"href":"https:\/\/www.oparanews.com.br\/index.php\/wp-json\/wp\/v2\/users\/1"}],"replies":[{"embeddable":true,"href":"https:\/\/www.oparanews.com.br\/index.php\/wp-json\/wp\/v2\/comments?post=13571"}],"version-history":[{"count":0,"href":"https:\/\/www.oparanews.com.br\/index.php\/wp-json\/wp\/v2\/posts\/13571\/revisions"}],"wp:attachment":[{"href":"https:\/\/www.oparanews.com.br\/index.php\/wp-json\/wp\/v2\/media?parent=13571"}],"wp:term":[{"taxonomy":"category","embeddable":true,"href":"https:\/\/www.oparanews.com.br\/index.php\/wp-json\/wp\/v2\/categories?post=13571"},{"taxonomy":"post_tag","embeddable":true,"href":"https:\/\/www.oparanews.com.br\/index.php\/wp-json\/wp\/v2\/tags?post=13571"}],"curies":[{"name":"wp","href":"https:\/\/api.w.org\/{rel}","templated":true}]}}