{"id":13577,"date":"2021-03-08T02:11:51","date_gmt":"2021-03-08T02:11:51","guid":{"rendered":"https:\/\/oparanews.com.br\/?p=13577"},"modified":"2021-03-08T02:11:51","modified_gmt":"2021-03-08T02:11:51","slug":"palmeiras-bate-o-gremio-e-conquista-a-copa-do-brasil","status":"publish","type":"post","link":"https:\/\/www.oparanews.com.br\/index.php\/2021\/03\/08\/palmeiras-bate-o-gremio-e-conquista-a-copa-do-brasil\/","title":{"rendered":"Palmeiras bate o Gr\u00eamio e conquista a Copa do Brasil"},"content":{"rendered":"<p>Pode gritar, torcedor do Palmeiras. A Copa do Brasil \u00e9 sua pela quarta vez! O t\u00edtulo, conquistado neste domingo com uma vit\u00f3ria incontest\u00e1vel por 2 a 0 sobre o Gr\u00eamio, com gols de Wesley e Gabriel Menino, no Allianz Parque, em S\u00e3o Paulo (tinha vencido por 1 a 0 em Porto Alegre), tem um sabor especial. Sabor de tr\u00edplice coroa, algo que n\u00e3o acontecia desde 1993, com as conquistas do Paulist\u00e3o, do Rio-S\u00e3o Paulo e do Brasileir\u00e3o. E dessa vez, o peso dos tr\u00eas t\u00edtulos \u00e9 ainda maior. Somada \u00e0 Copa do Brasil e ao Paulist\u00e3o est\u00e1 a Libertadores da Am\u00e9rica, uma obsess\u00e3o do palmeirense. Mas tem mais. Para dar uma no\u00e7\u00e3o ainda mais exata do tamanho do feito na Copa do Brasil, o Verd\u00e3o desbancou em dois jogos o Gr\u00eamio, que, em caso de t\u00edtulo, poderia se tornar, ao lado do Cruzeiro, o maior campe\u00e3o do torneio, com seis conquistas. 2020, definitivamente, foi a temporada mais verde dos \u00faltimos tempos.<\/p>\n<p><strong>O tetra!<\/strong><\/p>\n<p>Com a conquista da Copa do Brasil de 2020 sobre o Gr\u00eamio, o Palmeiras chega a quatro t\u00edtulos da competi\u00e7\u00e3o. O primeiro deles foi em 1998, contra o Cruzeiro, atualmente o maior campe\u00e3o do torneio. Depois, em 2012, o Verd\u00e3o bateu o Coritiba na final. E em 2015, nos p\u00eanaltis, venceu o rival Santos.<\/p>\n<p><strong>Cofre cheio<\/strong><\/p>\n<p>Conquista da Copa do Brasil faz o Palmeiras atingir R$ 200 milh\u00f5es em premia\u00e7\u00f5es em 2020.<\/p>\n<p>&nbsp;<\/p>\n<p><strong>Fonte: GE<\/strong><\/p>\n<p>&nbsp;<\/p>\n","protected":false},"excerpt":{"rendered":"<p>Pode gritar, torcedor do Palmeiras. A Copa do Brasil \u00e9 sua pela quarta vez! O t\u00edtulo, conquistado neste domingo com uma vit\u00f3ria incontest\u00e1vel por 2 a 0 sobre o Gr\u00eamio, com gols de Wesley e Gabriel Menino, no Allianz Parque, em S\u00e3o Paulo (tinha vencido por 1 a 0 em Porto Alegre), tem um sabor &hellip;<\/p>\n","protected":false},"author":1,"featured_media":13578,"comment_status":"closed","ping_status":"closed","sticky":false,"template":"","format":"standard","meta":{"_jetpack_newsletter_access":"","_jetpack_dont_email_post_to_subs":false,"_jetpack_newsletter_tier_id":0,"_jetpack_memberships_contains_paywalled_content":false,"_jetpack_memberships_contains_paid_content":false,"footnotes":""},"categories":[1],"tags":[],"class_list":["post-13577","post","type-post","status-publish","format-standard","has-post-thumbnail","hentry","category-destaque"],"jetpack_sharing_enabled":true,"jetpack_featured_media_url":"","_links":{"self":[{"href":"https:\/\/www.oparanews.com.br\/index.php\/wp-json\/wp\/v2\/posts\/13577","targetHints":{"allow":["GET"]}}],"collection":[{"href":"https:\/\/www.oparanews.com.br\/index.php\/wp-json\/wp\/v2\/posts"}],"about":[{"href":"https:\/\/www.oparanews.com.br\/index.php\/wp-json\/wp\/v2\/types\/post"}],"author":[{"embeddable":true,"href":"https:\/\/www.oparanews.com.br\/index.php\/wp-json\/wp\/v2\/users\/1"}],"replies":[{"embeddable":true,"href":"https:\/\/www.oparanews.com.br\/index.php\/wp-json\/wp\/v2\/comments?post=13577"}],"version-history":[{"count":0,"href":"https:\/\/www.oparanews.com.br\/index.php\/wp-json\/wp\/v2\/posts\/13577\/revisions"}],"wp:attachment":[{"href":"https:\/\/www.oparanews.com.br\/index.php\/wp-json\/wp\/v2\/media?parent=13577"}],"wp:term":[{"taxonomy":"category","embeddable":true,"href":"https:\/\/www.oparanews.com.br\/index.php\/wp-json\/wp\/v2\/categories?post=13577"},{"taxonomy":"post_tag","embeddable":true,"href":"https:\/\/www.oparanews.com.br\/index.php\/wp-json\/wp\/v2\/tags?post=13577"}],"curies":[{"name":"wp","href":"https:\/\/api.w.org\/{rel}","templated":true}]}}