{"id":13586,"date":"2021-03-08T11:15:46","date_gmt":"2021-03-08T11:15:46","guid":{"rendered":"https:\/\/oparanews.com.br\/?p=13586"},"modified":"2021-03-08T11:15:46","modified_gmt":"2021-03-08T11:15:46","slug":"caminhoneiro-morre-apos-perder-controle-em-curva-e-capotar-veiculo-na-al-115","status":"publish","type":"post","link":"https:\/\/www.oparanews.com.br\/index.php\/2021\/03\/08\/caminhoneiro-morre-apos-perder-controle-em-curva-e-capotar-veiculo-na-al-115\/","title":{"rendered":"Caminhoneiro morre ap\u00f3s perder controle em curva e capotar ve\u00edculo na AL-115"},"content":{"rendered":"<p>Um caminhoneiro morreu no domingo (7) ap\u00f3s capotar o ve\u00edculo na AL-115, em Palmeira dos \u00cdndios, Agreste de Alagoas. N\u00e3o h\u00e1 informa\u00e7\u00f5es se outras pessoas estavam no caminh\u00e3o.<\/p>\n<p>De acordo com o Batalh\u00e3o de Pol\u00edcia Rodovi\u00e1rio (BPRv), a v\u00edtima perdeu o controle do ve\u00edculo em uma curva e capotou em um terreno \u00e0s margens da rodovia.<\/p>\n<p>Sidnei de Souza morreu no local. Os institutos de Criminal\u00edstica (IC) e M\u00e9dico Legal (IML) foram acionados e fizeram a per\u00edcia e recolheram o corpo da v\u00edtima.<\/p>\n<p>&nbsp;<\/p>\n<p><strong>Fonte: G1\/AL<\/strong><\/p>\n<p>&nbsp;<\/p>\n","protected":false},"excerpt":{"rendered":"<p>Um caminhoneiro morreu no domingo (7) ap\u00f3s capotar o ve\u00edculo na AL-115, em Palmeira dos \u00cdndios, Agreste de Alagoas. N\u00e3o h\u00e1 informa\u00e7\u00f5es se outras pessoas estavam no caminh\u00e3o. De acordo com o Batalh\u00e3o de Pol\u00edcia Rodovi\u00e1rio (BPRv), a v\u00edtima perdeu o controle do ve\u00edculo em uma curva e capotou em um terreno \u00e0s margens da &hellip;<\/p>\n","protected":false},"author":1,"featured_media":13587,"comment_status":"closed","ping_status":"closed","sticky":false,"template":"","format":"standard","meta":{"_jetpack_newsletter_access":"","_jetpack_dont_email_post_to_subs":false,"_jetpack_newsletter_tier_id":0,"_jetpack_memberships_contains_paywalled_content":false,"_jetpack_memberships_contains_paid_content":false,"footnotes":""},"categories":[1],"tags":[],"class_list":["post-13586","post","type-post","status-publish","format-standard","has-post-thumbnail","hentry","category-destaque"],"jetpack_sharing_enabled":true,"jetpack_featured_media_url":"","_links":{"self":[{"href":"https:\/\/www.oparanews.com.br\/index.php\/wp-json\/wp\/v2\/posts\/13586","targetHints":{"allow":["GET"]}}],"collection":[{"href":"https:\/\/www.oparanews.com.br\/index.php\/wp-json\/wp\/v2\/posts"}],"about":[{"href":"https:\/\/www.oparanews.com.br\/index.php\/wp-json\/wp\/v2\/types\/post"}],"author":[{"embeddable":true,"href":"https:\/\/www.oparanews.com.br\/index.php\/wp-json\/wp\/v2\/users\/1"}],"replies":[{"embeddable":true,"href":"https:\/\/www.oparanews.com.br\/index.php\/wp-json\/wp\/v2\/comments?post=13586"}],"version-history":[{"count":0,"href":"https:\/\/www.oparanews.com.br\/index.php\/wp-json\/wp\/v2\/posts\/13586\/revisions"}],"wp:attachment":[{"href":"https:\/\/www.oparanews.com.br\/index.php\/wp-json\/wp\/v2\/media?parent=13586"}],"wp:term":[{"taxonomy":"category","embeddable":true,"href":"https:\/\/www.oparanews.com.br\/index.php\/wp-json\/wp\/v2\/categories?post=13586"},{"taxonomy":"post_tag","embeddable":true,"href":"https:\/\/www.oparanews.com.br\/index.php\/wp-json\/wp\/v2\/tags?post=13586"}],"curies":[{"name":"wp","href":"https:\/\/api.w.org\/{rel}","templated":true}]}}