{"id":13595,"date":"2021-03-08T20:00:02","date_gmt":"2021-03-08T20:00:02","guid":{"rendered":"https:\/\/oparanews.com.br\/?p=13595"},"modified":"2021-03-08T20:00:02","modified_gmt":"2021-03-08T20:00:02","slug":"alagoas-registra-mais-15-mortes-por-covid-19-em-24h","status":"publish","type":"post","link":"https:\/\/www.oparanews.com.br\/index.php\/2021\/03\/08\/alagoas-registra-mais-15-mortes-por-covid-19-em-24h\/","title":{"rendered":"Alagoas registra mais 15 mortes por Covid-19 em 24h"},"content":{"rendered":"<p>Mais 15 pessoas morreram de Covid-19 em Alagoas, segundo o boletim epidemiol\u00f3gico da Secretaria do Estado da Sa\u00fade (Sesau) desta segunda-feira (8). Nas \u00faltimas 24 horas, 541 novos casos foram confirmados no estado.<\/p>\n<p>Das 15 v\u00edtimas, oito moravam no interior e sete, em Macei\u00f3.<\/p>\n<p>Desde o in\u00edcio da pandemia, Alagoas registrou 136.107 casos confirmados e 3.102 \u00f3bitos pela Covid-19.<\/p>\n<p>Do total de pessoas infectadas pelo novo coronav\u00edrus, 129.328 se recuperaram e 3.028 est\u00e3o na fase ativa da doen\u00e7a, em isolamento domiciliar. .<\/p>\n<p>O n\u00famero acumulado de casos suspeitos chegou a 12.865.<\/p>\n<p>At\u00e9 esse domingo (7), a taxa de ocupa\u00e7\u00e3o de leitos de UTI para Covid-19 estava em 79%. J\u00e1 sobre os leitos gerais para Covid-19, o percentual era de 65%.<\/p>\n<p><strong>Mais 15 mortes por Covid-19<\/strong><\/p>\n<p>Macei\u00f3: Homem, 56 anos \u2013 sem comorbidades<br \/>\nMacei\u00f3: Homem, 89 anos \u2013 sem comorbidades<br \/>\nMacei\u00f3: Mulher, 34 anos \u2013 diab\u00e9tica e hipertensa<br \/>\nMacei\u00f3: Mulher, 39 anos \u2013 sem comorbidades<br \/>\nMacei\u00f3: Mulher, 63 anos \u2013 diabetes e doen\u00e7a cardiovascular<br \/>\nMacei\u00f3: Mulher, 66 anos \u2013 hipertens\u00e3o arterial, cardiopatia e Doen\u00e7a Pulmonar Obstrutiva Cr\u00f4nica (DPOC)<br \/>\nMacei\u00f3: Mulher, 88 anos \u2013 hipertensa e doen\u00e7a cardiovascular<br \/>\nMarechal Deodoro: Homem, 51 anos \u2013 sem comorbidades<br \/>\nArapiraca: Homem, 63 anos \u2013 sem comorbidades<br \/>\nDelmiro Gouveia: Homem, 65 anos \u2013 diab\u00e9tico<br \/>\nMata Grande: Homem, 69 anos \u2013 doen\u00e7a cardiovascular<br \/>\nPalmeira dos \u00cdndios: Mulher, 19 anos \u2013 obesa<br \/>\nMarechal Deodoro: Mulher, 57 anos \u2013 diab\u00e9tica e doen\u00e7a cardiovascular<br \/>\nArapiraca: Mulher, 66 anos \u2013 hipertensa<br \/>\nTeot\u00f4nio Vilela: Mulher, 69 anos \u2013 diab\u00e9tica e hipertensa<\/p>\n<p>&nbsp;<\/p>\n<p><strong>Fonte: G1\/AL<\/strong><\/p>\n<p>&nbsp;<\/p>\n","protected":false},"excerpt":{"rendered":"<p>Mais 15 pessoas morreram de Covid-19 em Alagoas, segundo o boletim epidemiol\u00f3gico da Secretaria do Estado da Sa\u00fade (Sesau) desta segunda-feira (8). Nas \u00faltimas 24 horas, 541 novos casos foram confirmados no estado. Das 15 v\u00edtimas, oito moravam no interior e sete, em Macei\u00f3. Desde o in\u00edcio da pandemia, Alagoas registrou 136.107 casos confirmados e &hellip;<\/p>\n","protected":false},"author":1,"featured_media":5855,"comment_status":"closed","ping_status":"closed","sticky":false,"template":"","format":"standard","meta":{"_jetpack_newsletter_access":"","_jetpack_dont_email_post_to_subs":false,"_jetpack_newsletter_tier_id":0,"_jetpack_memberships_contains_paywalled_content":false,"_jetpack_memberships_contains_paid_content":false,"footnotes":""},"categories":[1],"tags":[],"class_list":["post-13595","post","type-post","status-publish","format-standard","has-post-thumbnail","hentry","category-destaque"],"jetpack_sharing_enabled":true,"jetpack_featured_media_url":"","_links":{"self":[{"href":"https:\/\/www.oparanews.com.br\/index.php\/wp-json\/wp\/v2\/posts\/13595","targetHints":{"allow":["GET"]}}],"collection":[{"href":"https:\/\/www.oparanews.com.br\/index.php\/wp-json\/wp\/v2\/posts"}],"about":[{"href":"https:\/\/www.oparanews.com.br\/index.php\/wp-json\/wp\/v2\/types\/post"}],"author":[{"embeddable":true,"href":"https:\/\/www.oparanews.com.br\/index.php\/wp-json\/wp\/v2\/users\/1"}],"replies":[{"embeddable":true,"href":"https:\/\/www.oparanews.com.br\/index.php\/wp-json\/wp\/v2\/comments?post=13595"}],"version-history":[{"count":0,"href":"https:\/\/www.oparanews.com.br\/index.php\/wp-json\/wp\/v2\/posts\/13595\/revisions"}],"wp:attachment":[{"href":"https:\/\/www.oparanews.com.br\/index.php\/wp-json\/wp\/v2\/media?parent=13595"}],"wp:term":[{"taxonomy":"category","embeddable":true,"href":"https:\/\/www.oparanews.com.br\/index.php\/wp-json\/wp\/v2\/categories?post=13595"},{"taxonomy":"post_tag","embeddable":true,"href":"https:\/\/www.oparanews.com.br\/index.php\/wp-json\/wp\/v2\/tags?post=13595"}],"curies":[{"name":"wp","href":"https:\/\/api.w.org\/{rel}","templated":true}]}}