{"id":13600,"date":"2021-03-08T20:14:25","date_gmt":"2021-03-08T20:14:25","guid":{"rendered":"https:\/\/oparanews.com.br\/?p=13600"},"modified":"2021-03-08T20:14:25","modified_gmt":"2021-03-08T20:14:25","slug":"alagoas-mantem-permissao-para-aulas-presenciais-nas-fases-mais-restritivas","status":"publish","type":"post","link":"https:\/\/www.oparanews.com.br\/index.php\/2021\/03\/08\/alagoas-mantem-permissao-para-aulas-presenciais-nas-fases-mais-restritivas\/","title":{"rendered":"Alagoas mant\u00e9m permiss\u00e3o para aulas presenciais nas fases mais restritivas"},"content":{"rendered":"<p>As aulas presenciais continuam autorizadas em Alagoas, mesmo ap\u00f3s o governo regredir Sert\u00e3o e Agreste para a fase vermelha e Macei\u00f3 e demais regi\u00f5es, para a fase laranja do distanciamento social controlado. A informa\u00e7\u00e3o foi confirmada pelo governador Renan Filho (MDB) no domingo (7).<\/p>\n<p>&#8220;As escolas p\u00fablicas, o governo do estado e os munic\u00edpios tomaram a decis\u00e3o de iniciar online. As escolas privadas, nessa fase, elas v\u00e3o continuar operando, mas n\u00f3s estamos avaliando&#8221;, informou o governador, ao ressaltar que a decis\u00e3o pode mudar de acordo com a gravidade da pandemia.<\/p>\n<p>O Protocolo Sanit\u00e1rio de Distanciamento Social Controlado sofreu algumas altera\u00e7\u00f5es desde a sua cria\u00e7\u00e3o. Entre o que podia ou n\u00e3o funcionar em cada fase, a principal mudan\u00e7a foi em rela\u00e7\u00e3o \u00e0 retomada das aulas presenciais.<\/p>\n<p>Em outubro de 2020, o governador anunciou a autoriza\u00e7\u00e3o para retomada das aulas presenciais para adultos, ainda na fase azul. Foram contemplados cursos profissionalizantes, cursos preparat\u00f3rios para concursos, cursos de l\u00ednguas, cursos pr\u00e9-vestibulares, universidades e faculdades. Na ocasi\u00e3o, n\u00e3o havia previs\u00e3o de retorno das escolas.<\/p>\n<p>Meses depois, mesmo com o estado na fase azul, Renan Filho chegou a anunciar que as aulas presenciais em todo o estado seriam retomadas a partir de 21 de janeiro de 2021, que, originalmente, s\u00f3 seriam permitidas na fase verde.<\/p>\n<p>As aulas da educa\u00e7\u00e3o infantil da rede privada de ensino foram retomadas no dia 25 de janeiro na maioria das escolas. J\u00e1 os alunos do ensino fundamental e m\u00e9dio retomaram as aulas presenciais com sistema h\u00edbrido (parte presencial e parte online) no dia 1\u00ba de fevereiro.<\/p>\n<p>As aulas na rede p\u00fablica, por\u00e9m, s\u00f3 seriam no sistema h\u00edbrido, mas antes que isso se concretizasse, o governo decidiu retomar o ano letivo no dia 10, mas somente no sistema remoto (online).<\/p>\n<p>&nbsp;<\/p>\n<p><strong>Fonte: G1\/AL<\/strong><\/p>\n<p>&nbsp;<\/p>\n","protected":false},"excerpt":{"rendered":"<p>As aulas presenciais continuam autorizadas em Alagoas, mesmo ap\u00f3s o governo regredir Sert\u00e3o e Agreste para a fase vermelha e Macei\u00f3 e demais regi\u00f5es, para a fase laranja do distanciamento social controlado. A informa\u00e7\u00e3o foi confirmada pelo governador Renan Filho (MDB) no domingo (7). &#8220;As escolas p\u00fablicas, o governo do estado e os munic\u00edpios tomaram &hellip;<\/p>\n","protected":false},"author":1,"featured_media":13601,"comment_status":"closed","ping_status":"closed","sticky":false,"template":"","format":"standard","meta":{"_jetpack_newsletter_access":"","_jetpack_dont_email_post_to_subs":false,"_jetpack_newsletter_tier_id":0,"_jetpack_memberships_contains_paywalled_content":false,"_jetpack_memberships_contains_paid_content":false,"footnotes":""},"categories":[1],"tags":[],"class_list":["post-13600","post","type-post","status-publish","format-standard","has-post-thumbnail","hentry","category-destaque"],"jetpack_sharing_enabled":true,"jetpack_featured_media_url":"","_links":{"self":[{"href":"https:\/\/www.oparanews.com.br\/index.php\/wp-json\/wp\/v2\/posts\/13600","targetHints":{"allow":["GET"]}}],"collection":[{"href":"https:\/\/www.oparanews.com.br\/index.php\/wp-json\/wp\/v2\/posts"}],"about":[{"href":"https:\/\/www.oparanews.com.br\/index.php\/wp-json\/wp\/v2\/types\/post"}],"author":[{"embeddable":true,"href":"https:\/\/www.oparanews.com.br\/index.php\/wp-json\/wp\/v2\/users\/1"}],"replies":[{"embeddable":true,"href":"https:\/\/www.oparanews.com.br\/index.php\/wp-json\/wp\/v2\/comments?post=13600"}],"version-history":[{"count":0,"href":"https:\/\/www.oparanews.com.br\/index.php\/wp-json\/wp\/v2\/posts\/13600\/revisions"}],"wp:attachment":[{"href":"https:\/\/www.oparanews.com.br\/index.php\/wp-json\/wp\/v2\/media?parent=13600"}],"wp:term":[{"taxonomy":"category","embeddable":true,"href":"https:\/\/www.oparanews.com.br\/index.php\/wp-json\/wp\/v2\/categories?post=13600"},{"taxonomy":"post_tag","embeddable":true,"href":"https:\/\/www.oparanews.com.br\/index.php\/wp-json\/wp\/v2\/tags?post=13600"}],"curies":[{"name":"wp","href":"https:\/\/api.w.org\/{rel}","templated":true}]}}