{"id":13603,"date":"2021-03-08T20:23:25","date_gmt":"2021-03-08T20:23:25","guid":{"rendered":"https:\/\/oparanews.com.br\/?p=13603"},"modified":"2021-03-08T20:23:25","modified_gmt":"2021-03-08T20:23:25","slug":"fachin-anula-condenacoes-e-lula-volta-a-ser-elegivel","status":"publish","type":"post","link":"https:\/\/www.oparanews.com.br\/index.php\/2021\/03\/08\/fachin-anula-condenacoes-e-lula-volta-a-ser-elegivel\/","title":{"rendered":"Fachin anula condena\u00e7\u00f5es, e Lula volta a ser eleg\u00edvel"},"content":{"rendered":"<p>O ministro Edson Fachin, do Supremo Tribunal Federal, anulou nesta segunda-feira ( 8) todas as condena\u00e7\u00f5es do ex-presidente Luiz In\u00e1cio Lula da Silva pela Justi\u00e7a Federal no Paran\u00e1 relacionadas \u00e0s investiga\u00e7\u00f5es da Opera\u00e7\u00e3o Lava Jato.<\/p>\n<p>Com a decis\u00e3o, o ex-presidente Lula recupera os direitos pol\u00edticos e volta a ser eleg\u00edvel.<\/p>\n<p>Ao decidir sobre pedido de habeas corpus da defesa de Lula impetrado em novembro do ano passado, Fachin declarou a incompet\u00eancia da Justi\u00e7a Federal do Paran\u00e1 nos casos do triplex do Guaruj\u00e1, do s\u00edtio de Atibaia e das doa\u00e7\u00f5es ao Instituto Lula.<\/p>\n<p>Segundo o ministro, a 13\u00aa Vara Federal de Curitiba, cujo titular na ocasi\u00e3o das condena\u00e7\u00f5es era o ex-juiz federal Sergio Moro, n\u00e3o era o &#8220;juiz natural&#8221; dos casos.<\/p>\n<p>Na mesma decis\u00e3o, Fachin declarou a &#8220;perda do objeto&#8221; e extinguiu 14 processos que tramitavam no Supremo e questionavam se o Moro agiu com parcialidade ao condenar Lula.<\/p>\n<p>A decis\u00e3o de Fachin tem car\u00e1ter processual. O ministro n\u00e3o analisou o m\u00e9rito das condena\u00e7\u00f5es.<\/p>\n<p>&#8220;Embora a quest\u00e3o da compet\u00eancia j\u00e1 tenha sido suscitada indiretamente, \u00e9 a primeira vez que o argumento re\u00fane condi\u00e7\u00f5es processuais de ser examinado, diante do aprofundamento e aperfei\u00e7oamento da mat\u00e9ria pelo Supremo Tribunal Federal&#8221;, diz nota divulgada pelo gabinete do ministro.<\/p>\n<p>Agora, os processos ser\u00e3o analisados pela Justi\u00e7a Federal do Distrito Federal, \u00e0 qual caber\u00e1 dizer se os atos realizados nos tr\u00eas processos podem ou n\u00e3o ser validados e reaproveitados.<\/p>\n<p>&#8220;Com a decis\u00e3o, foram declaradas nulas todas as decis\u00f5es proferidas pela 13\u00aa Vara Federal de Curitiba e determinada a remessa dos respectivos autos para \u00e0 Se\u00e7\u00e3o Judici\u00e1ria do Distrito Federal&#8221;, diz a nota do gabinete do ministro.<\/p>\n<p>De acordo com o gabinete de Fachin, julgamento do plen\u00e1rio do Supremo Tribunal Federal j\u00e1 havia restringido o alcance da compet\u00eancia da 13\u00aa Vara Federal de Curitiba.<\/p>\n<p>&#8220;Inicialmente, retirou-se todos os casos que n\u00e3o se relacionavam com os desvios praticados contra a Petrobras. Em seguida, passou a distribuir por todo territ\u00f3rio nacional as investiga\u00e7\u00f5es que tiveram in\u00edcio com as dela\u00e7\u00f5es premiadas da Odebrecht, OAS e J&amp;F. Finalmente, mais recentemente, os casos envolvendo a Transpetro (subsidi\u00e1ria da pr\u00f3pria Petrobras) tamb\u00e9m foram retirados da compet\u00eancia da 13\u00aa Vara Federal de Curitiba&#8221;, diz a nota.<\/p>\n<p>De acordo com o texto, nas a\u00e7\u00f5es penais envolvendo Lula, assim como em outros processos julgados pelo plen\u00e1rio e pela Segunda Turma do STF, &#8220;verificou-se que os supostos atos il\u00edcitos n\u00e3o envolviam diretamente apenas a Petrobras, mas, ainda outros \u00f3rg\u00e3os da Administra\u00e7\u00e3o P\u00fablica&#8221;.<\/p>\n<p>Segundo o ministro, em outros casos de agentes pol\u00edticos denunciados pelo Minist\u00e9rio P\u00fablico Federal em circunst\u00e2ncias semelhantes ao de Lula, a Segunda Turma do Supremo j\u00e1 vem transferindo esses processos para a Justi\u00e7a Federal do Distrito Federal.<\/p>\n<p>Embora divergente e derrotado nas vota\u00e7\u00f5es na Segunda Turma em rela\u00e7\u00e3o a esse ponto, Fachin considerou que o mesmo entendimento deveria ser aplicado ao ex-presidente.<\/p>\n<p>&#8220;Fa\u00e7o por respeito \u00e0 maioria, sem embargo de que restei vencido em numerosos julgamentos&#8221;, escreveu o ministro na decis\u00e3o.<\/p>\n<p>&nbsp;<\/p>\n<p><strong>Fonte: G1<\/strong><\/p>\n<p>&nbsp;<\/p>\n","protected":false},"excerpt":{"rendered":"<p>O ministro Edson Fachin, do Supremo Tribunal Federal, anulou nesta segunda-feira ( 8) todas as condena\u00e7\u00f5es do ex-presidente Luiz In\u00e1cio Lula da Silva pela Justi\u00e7a Federal no Paran\u00e1 relacionadas \u00e0s investiga\u00e7\u00f5es da Opera\u00e7\u00e3o Lava Jato. Com a decis\u00e3o, o ex-presidente Lula recupera os direitos pol\u00edticos e volta a ser eleg\u00edvel. Ao decidir sobre pedido de &hellip;<\/p>\n","protected":false},"author":1,"featured_media":13604,"comment_status":"closed","ping_status":"closed","sticky":false,"template":"","format":"standard","meta":{"_jetpack_newsletter_access":"","_jetpack_dont_email_post_to_subs":false,"_jetpack_newsletter_tier_id":0,"_jetpack_memberships_contains_paywalled_content":false,"_jetpack_memberships_contains_paid_content":false,"footnotes":""},"categories":[1],"tags":[],"class_list":["post-13603","post","type-post","status-publish","format-standard","has-post-thumbnail","hentry","category-destaque"],"jetpack_sharing_enabled":true,"jetpack_featured_media_url":"","_links":{"self":[{"href":"https:\/\/www.oparanews.com.br\/index.php\/wp-json\/wp\/v2\/posts\/13603","targetHints":{"allow":["GET"]}}],"collection":[{"href":"https:\/\/www.oparanews.com.br\/index.php\/wp-json\/wp\/v2\/posts"}],"about":[{"href":"https:\/\/www.oparanews.com.br\/index.php\/wp-json\/wp\/v2\/types\/post"}],"author":[{"embeddable":true,"href":"https:\/\/www.oparanews.com.br\/index.php\/wp-json\/wp\/v2\/users\/1"}],"replies":[{"embeddable":true,"href":"https:\/\/www.oparanews.com.br\/index.php\/wp-json\/wp\/v2\/comments?post=13603"}],"version-history":[{"count":0,"href":"https:\/\/www.oparanews.com.br\/index.php\/wp-json\/wp\/v2\/posts\/13603\/revisions"}],"wp:attachment":[{"href":"https:\/\/www.oparanews.com.br\/index.php\/wp-json\/wp\/v2\/media?parent=13603"}],"wp:term":[{"taxonomy":"category","embeddable":true,"href":"https:\/\/www.oparanews.com.br\/index.php\/wp-json\/wp\/v2\/categories?post=13603"},{"taxonomy":"post_tag","embeddable":true,"href":"https:\/\/www.oparanews.com.br\/index.php\/wp-json\/wp\/v2\/tags?post=13603"}],"curies":[{"name":"wp","href":"https:\/\/api.w.org\/{rel}","templated":true}]}}