{"id":13609,"date":"2021-03-09T13:35:37","date_gmt":"2021-03-09T13:35:37","guid":{"rendered":"https:\/\/oparanews.com.br\/?p=13609"},"modified":"2021-03-09T13:35:37","modified_gmt":"2021-03-09T13:35:37","slug":"porchat-esta-com-covid-e-possivel-ser-falso-positivo","status":"publish","type":"post","link":"https:\/\/www.oparanews.com.br\/index.php\/2021\/03\/09\/porchat-esta-com-covid-e-possivel-ser-falso-positivo\/","title":{"rendered":"Porchat est\u00e1 com covid: &#8216;\u00c9 poss\u00edvel ser falso positivo&#8217;"},"content":{"rendered":"<p>F\u00e1bio Porchat testou positivo para o novo coronav\u00edrus no s\u00e1bado, 6, e usou as redes sociais nesta segunda-feira, 8, para explicar sobre o estado de sa\u00fade dele. At\u00e9 agora, o humorista n\u00e3o apresentou nenhum sintoma da doen\u00e7a, como febre, tosse ou perda de olfato.<\/p>\n<p>Recentemente, o ator voltou a gravar epis\u00f3dios do programa Que Hist\u00f3ria \u00c9 Essa?, no GNT, mas sem plateia. A edi\u00e7\u00e3o do Papo de Segunda tamb\u00e9m estava sendo comandada por Porchat. &#8220;Minha gente, Papo de Segunda ao vivo est\u00e1 come\u00e7ando agora e eu n\u00e3o estou l\u00e1 por que? Porque testei positivo para o coronav\u00edrus&#8221;, disse ao iniciar uma s\u00e9rie de stories no Instagram.<\/p>\n<p>O humorista ressaltou que se sente bem at\u00e9 agora. &#8220;Mas estou assintom\u00e1tico, esquisit\u00edssimo assim&#8230; fiquei dois dias aqui em casa, trancado, fiz exame hoje de novo e deu negtivo. Ent\u00e3o, \u00e9 possivel que tenha dado um &#8216;falso positivo &#8216;. Estou bem, to saud\u00e1vel, Natalia fez teste tamb\u00e9m, est\u00e1 saud\u00e1vel&#8230;qualquer pessoa que entrei em contato em algum momento fez teste tamb\u00e9m, deu negativo, ent\u00e3o, \u00e9 muito poss\u00edvel que seja um falso positivo mesmo&#8221;, enfatizou.<\/p>\n<p>F\u00e1bio Porchat deve fazer um novo teste de covid-19 nesta quarta-feira para tirar a d\u00favida. &#8220;Vou fazer outro teste pra dar negativo de novo, at\u00e9 porque eu era IGG positivo, estava achando esquisito isso, mas, enfim, assim \u00e9 esse v\u00edrus maldito. De toda forma estou aqui, trancadinho em casa, fechadinho sem contato com ningu\u00e9m e quarta-feira dou not\u00edcias&#8221;, concluiu.<\/p>\n<p>O programa Que Hist\u00f3ria \u00c9 Essa?, que vai estrear no dia 16 de mar\u00e7o, contar\u00e1 com as presen\u00e7as de Xuxa, Padre F\u00e1bio de Melo e Manu Gavassi.<\/p>\n<p>&nbsp;<\/p>\n<p><strong>Fonte: Terra<\/strong><\/p>\n<p>&nbsp;<\/p>\n","protected":false},"excerpt":{"rendered":"<p>F\u00e1bio Porchat testou positivo para o novo coronav\u00edrus no s\u00e1bado, 6, e usou as redes sociais nesta segunda-feira, 8, para explicar sobre o estado de sa\u00fade dele. At\u00e9 agora, o humorista n\u00e3o apresentou nenhum sintoma da doen\u00e7a, como febre, tosse ou perda de olfato. Recentemente, o ator voltou a gravar epis\u00f3dios do programa Que Hist\u00f3ria &hellip;<\/p>\n","protected":false},"author":1,"featured_media":13610,"comment_status":"closed","ping_status":"closed","sticky":false,"template":"","format":"standard","meta":{"_jetpack_newsletter_access":"","_jetpack_dont_email_post_to_subs":false,"_jetpack_newsletter_tier_id":0,"_jetpack_memberships_contains_paywalled_content":false,"_jetpack_memberships_contains_paid_content":false,"footnotes":""},"categories":[1],"tags":[],"class_list":["post-13609","post","type-post","status-publish","format-standard","has-post-thumbnail","hentry","category-destaque"],"jetpack_sharing_enabled":true,"jetpack_featured_media_url":"","_links":{"self":[{"href":"https:\/\/www.oparanews.com.br\/index.php\/wp-json\/wp\/v2\/posts\/13609","targetHints":{"allow":["GET"]}}],"collection":[{"href":"https:\/\/www.oparanews.com.br\/index.php\/wp-json\/wp\/v2\/posts"}],"about":[{"href":"https:\/\/www.oparanews.com.br\/index.php\/wp-json\/wp\/v2\/types\/post"}],"author":[{"embeddable":true,"href":"https:\/\/www.oparanews.com.br\/index.php\/wp-json\/wp\/v2\/users\/1"}],"replies":[{"embeddable":true,"href":"https:\/\/www.oparanews.com.br\/index.php\/wp-json\/wp\/v2\/comments?post=13609"}],"version-history":[{"count":0,"href":"https:\/\/www.oparanews.com.br\/index.php\/wp-json\/wp\/v2\/posts\/13609\/revisions"}],"wp:attachment":[{"href":"https:\/\/www.oparanews.com.br\/index.php\/wp-json\/wp\/v2\/media?parent=13609"}],"wp:term":[{"taxonomy":"category","embeddable":true,"href":"https:\/\/www.oparanews.com.br\/index.php\/wp-json\/wp\/v2\/categories?post=13609"},{"taxonomy":"post_tag","embeddable":true,"href":"https:\/\/www.oparanews.com.br\/index.php\/wp-json\/wp\/v2\/tags?post=13609"}],"curies":[{"name":"wp","href":"https:\/\/api.w.org\/{rel}","templated":true}]}}