{"id":13612,"date":"2021-03-09T13:36:56","date_gmt":"2021-03-09T13:36:56","guid":{"rendered":"https:\/\/oparanews.com.br\/?p=13612"},"modified":"2021-03-09T13:36:56","modified_gmt":"2021-03-09T13:36:56","slug":"edson-tem-piora-e-vai-para-uti-de-hospital","status":"publish","type":"post","link":"https:\/\/www.oparanews.com.br\/index.php\/2021\/03\/09\/edson-tem-piora-e-vai-para-uti-de-hospital\/","title":{"rendered":"Edson tem piora e vai para UTI de hospital"},"content":{"rendered":"<p>Depois de ter uma ligeira melhora em seu estado de sa\u00fade, o cantor Edson, da dupla com Hudson, foi transferido para uma UTI em S\u00e3o Paulo nesta segunda-feira (8). Ele apresentou uma piora no quadro.<\/p>\n<p>O sertanejo estava em leito cl\u00ednico em um hospital privado de Indaiatuba (SP) desde a \u00faltima quarta-feira (3), ap\u00f3s um piora em sintomas provocados pela covid-19.<\/p>\n<p>Em nota, a assessoria da dupla sertaneja destacou que o artista permanece em tratamento intensivo no Hospital e Maternidade S\u00e3o Luiz Itaim, da Rede D\u2019Or S\u00e3o Luiz. O comunicado ainda disse que o seu quadro \u00e9 est\u00e1vel e que ele respira sem ajuda de aparelhos.<\/p>\n<p>O boletim anterior, que foi divulgado na noite do \u00faltimo s\u00e1bado (6), informava que Edson, que estava no Hospital Santa Ign\u00eas, vinha \u201creagindo bem ao tratamento contra a Covid-19\u201d.<\/p>\n<p>\u201cO cantor ainda permanece sob os cuidados da equipe m\u00e9dica do hospital Santa Ign\u00eas, em Indaiatuba, por\u00e9m, j\u00e1 com avan\u00e7os significativos na sua recupera\u00e7\u00e3o at\u00e9 o exato momento\u201d, afirmou a equipe do sertanejo, na ocasi\u00e3o.<\/p>\n<p>\u201cHudson tem conversado pelo telefone diariamente com o irm\u00e3o e est\u00e1 confiante: \u2018Muito em breve estaremos juntos novamente. Obrigado a todos pelo carinho\u2019\u201d, disse o comunicado emitido pela assessoria dos dois.<\/p>\n<p>Para quem n\u00e3o sabe, logo no in\u00edcio da doen\u00e7a, Edson come\u00e7ou a sentir sintomas leves e permaneceu em casa, iniciando o tratamento no mesmo local. No entanto, o quadro evoluiu e ele precisou ser internado.<\/p>\n<p>Casado com Deia Cypri e pai de Bella, de 1 ano, o cantor falou recentemente sobre como estava passando a quarentena.<\/p>\n<p>&nbsp;<\/p>\n<p><strong>Fonte: RD1<\/strong><\/p>\n<p>&nbsp;<\/p>\n","protected":false},"excerpt":{"rendered":"<p>Depois de ter uma ligeira melhora em seu estado de sa\u00fade, o cantor Edson, da dupla com Hudson, foi transferido para uma UTI em S\u00e3o Paulo nesta segunda-feira (8). Ele apresentou uma piora no quadro. O sertanejo estava em leito cl\u00ednico em um hospital privado de Indaiatuba (SP) desde a \u00faltima quarta-feira (3), ap\u00f3s um &hellip;<\/p>\n","protected":false},"author":1,"featured_media":13613,"comment_status":"closed","ping_status":"closed","sticky":false,"template":"","format":"standard","meta":{"_jetpack_newsletter_access":"","_jetpack_dont_email_post_to_subs":false,"_jetpack_newsletter_tier_id":0,"_jetpack_memberships_contains_paywalled_content":false,"_jetpack_memberships_contains_paid_content":false,"footnotes":""},"categories":[1],"tags":[],"class_list":["post-13612","post","type-post","status-publish","format-standard","has-post-thumbnail","hentry","category-destaque"],"jetpack_sharing_enabled":true,"jetpack_featured_media_url":"","_links":{"self":[{"href":"https:\/\/www.oparanews.com.br\/index.php\/wp-json\/wp\/v2\/posts\/13612","targetHints":{"allow":["GET"]}}],"collection":[{"href":"https:\/\/www.oparanews.com.br\/index.php\/wp-json\/wp\/v2\/posts"}],"about":[{"href":"https:\/\/www.oparanews.com.br\/index.php\/wp-json\/wp\/v2\/types\/post"}],"author":[{"embeddable":true,"href":"https:\/\/www.oparanews.com.br\/index.php\/wp-json\/wp\/v2\/users\/1"}],"replies":[{"embeddable":true,"href":"https:\/\/www.oparanews.com.br\/index.php\/wp-json\/wp\/v2\/comments?post=13612"}],"version-history":[{"count":0,"href":"https:\/\/www.oparanews.com.br\/index.php\/wp-json\/wp\/v2\/posts\/13612\/revisions"}],"wp:attachment":[{"href":"https:\/\/www.oparanews.com.br\/index.php\/wp-json\/wp\/v2\/media?parent=13612"}],"wp:term":[{"taxonomy":"category","embeddable":true,"href":"https:\/\/www.oparanews.com.br\/index.php\/wp-json\/wp\/v2\/categories?post=13612"},{"taxonomy":"post_tag","embeddable":true,"href":"https:\/\/www.oparanews.com.br\/index.php\/wp-json\/wp\/v2\/tags?post=13612"}],"curies":[{"name":"wp","href":"https:\/\/api.w.org\/{rel}","templated":true}]}}