{"id":13615,"date":"2021-03-09T17:58:12","date_gmt":"2021-03-09T17:58:12","guid":{"rendered":"https:\/\/oparanews.com.br\/?p=13615"},"modified":"2021-03-09T17:58:12","modified_gmt":"2021-03-09T17:58:12","slug":"prefeitura-de-penedo-atualiza-medidas-de-combate-a-covid-19","status":"publish","type":"post","link":"https:\/\/www.oparanews.com.br\/index.php\/2021\/03\/09\/prefeitura-de-penedo-atualiza-medidas-de-combate-a-covid-19\/","title":{"rendered":"Prefeitura de Penedo atualiza medidas de combate \u00e0 Covid-19"},"content":{"rendered":"<p>A dissemina\u00e7\u00e3o do coronav\u00edrus, inclusive em suas novas variantes, exige a ado\u00e7\u00e3o de medidas restritivas para tentar conter o avan\u00e7o da doen\u00e7a que registra, pelo menos, dez novos casos positivos di\u00e1rios em Penedo.<\/p>\n<p>Al\u00e9m da m\u00e9dia verificada nos \u00faltimos 30 dias na Unidade de Refer\u00eancia em S\u00edndromes Gripais \u2013 setor de triagem para Covid de responsabilidade da Secretaria Municipal de Sa\u00fade (SEMS) -, dados mais recentes mostram que a doen\u00e7a avan\u00e7a em Alagoas.<\/p>\n<p>Os leitos cl\u00ednicos e de UTI para Covid ofertados pela Santa Casa de Penedo (o servi\u00e7o n\u00e3o \u00e9 exclusivo do munic\u00edpio e nem da regi\u00e3o ribeirinha) alcan\u00e7aram 90% ocupa\u00e7\u00e3o.<\/p>\n<p>Diante da gravidade da situa\u00e7\u00e3o, a Prefeitura de Penedo e o Comit\u00ea de Gerenciamento de Impactos Econ\u00f4micos da Crise Relacionada \u00e0 Covid-19, adotaram novas medidas, todas com amparo no mais recente decreto estadual sobre a pandemia que j\u00e1 matou mais de 265 mil pessoas no Brasil.<\/p>\n<p>As medidas em vigor a partir de hoje, segunda-feira, 08 de mar\u00e7o, s\u00e3o estas:<\/p>\n<ul>\n<li>O hor\u00e1rio de funcionamento do com\u00e9rcio local passa a ser o seguinte: de segunda-feira a sexta-feira, das 8:30hs as 17:00hs e aos s\u00e1bados, das 8:00hs as 14:00hs<\/li>\n<li>Bares, restaurantes, lanchonetes, churrasquinhos, lojas de conveni\u00eancias em postos de combust\u00edveis e similares funcionam com 50% da capacidade, de segunda a sexta feira, no hor\u00e1rio das 6h \u00e0s 20hs. Ficando vedado o funcionamento nos s\u00e1bados e domingos.<\/li>\n<li>As lojas de conveni\u00eancias de postos de combust\u00edveis poder\u00e3o funcionar no final de semana, desde que n\u00e3o comercializem bebidas alco\u00f3licas a serem consumidas no local aos s\u00e1bados e domingos.<\/li>\n<li>Fica proibida a realiza\u00e7\u00e3o de m\u00fasica ao vivo em qualquer ambiente, p\u00fablico ou privado no \u00e2mbito do munic\u00edpio de Penedo, inclusive a utiliza\u00e7\u00e3o de pared\u00f5es.<\/li>\n<li>Os transportes coletivos municipais (\u00f4nibus) dever\u00e3o funcionar com 50% de sua capacidade, inclusive o transporte fluvial (lanchas) que atraca no porto de Penedo, e dever\u00e3o obrigatoriamente seguir as normas sanit\u00e1rias de uso de m\u00e1scara e disponibiliza\u00e7\u00e3o de \u00e1lcool em gel.<\/li>\n<li>As balsas ficam autorizadas a funcionar normalmente, desde que os integrantes dos ve\u00edculos permanecerem dentro do mesmo durante a travessia.<\/li>\n<li>A Marina P\u00fablica situada na Orla do Bairro Santo Ant\u00f4nio ter\u00e1 seu funcionamento vedado \u00e0s 17:00 horas de sexta-feira e retornar\u00e1 as 06h da segunda-feira.<\/li>\n<li>A Secretaria Municipal de Abastecimento e Desenvolvimento Agr\u00edcola dever\u00e1 reorganizar a feira livre de Penedo, de modo a promover o distanciamento social.<\/li>\n<li>Demais estabelecimentos dever\u00e3o seguir o Decreto Estadual n\u00ba 73.518 de 07 de mar\u00e7o de 2021<\/li>\n<li>As institui\u00e7\u00f5es banc\u00e1rias dever\u00e3o envidar esfor\u00e7os para manter o distanciamento social nas suas ag\u00eancias.<\/li>\n<\/ul>\n<p>O desrespeito a qualquer norma estabelecida no Protocolo Sanit\u00e1rio Estadual e o disposto nessa norma ou em eventuais exce\u00e7\u00f5es normatizadas nos moldes estabelecidos no presente normativo, importar\u00e1 na suspens\u00e3o imediata do alvar\u00e1 de funcionamento do estabelecimento infrator, bem como, sendo o caso, o acionamento das for\u00e7as policiais para apura\u00e7\u00e3o do crime previsto no art. 268 do C\u00f3digo Penal.<\/p>\n<p>A Secretaria Municipal de Sa\u00fade, coordenar\u00e1 a fiscaliza\u00e7\u00e3o do cumprimento do Decreto Estadual e da presente portaria, com o apoio de demais secretarias municipais e o 11\u00ba Batalh\u00e3o da Pol\u00edcia Militar de Alagoas.<\/p>\n<p>&nbsp;<\/p>\n<p><strong>Fonte: Decom &#8211; PMP<\/strong><\/p>\n<p>&nbsp;<\/p>\n","protected":false},"excerpt":{"rendered":"<p>A dissemina\u00e7\u00e3o do coronav\u00edrus, inclusive em suas novas variantes, exige a ado\u00e7\u00e3o de medidas restritivas para tentar conter o avan\u00e7o da doen\u00e7a que registra, pelo menos, dez novos casos positivos di\u00e1rios em Penedo. Al\u00e9m da m\u00e9dia verificada nos \u00faltimos 30 dias na Unidade de Refer\u00eancia em S\u00edndromes Gripais \u2013 setor de triagem para Covid de &hellip;<\/p>\n","protected":false},"author":1,"featured_media":13616,"comment_status":"closed","ping_status":"closed","sticky":false,"template":"","format":"standard","meta":{"_jetpack_newsletter_access":"","_jetpack_dont_email_post_to_subs":false,"_jetpack_newsletter_tier_id":0,"_jetpack_memberships_contains_paywalled_content":false,"_jetpack_memberships_contains_paid_content":false,"footnotes":""},"categories":[1],"tags":[],"class_list":["post-13615","post","type-post","status-publish","format-standard","has-post-thumbnail","hentry","category-destaque"],"jetpack_sharing_enabled":true,"jetpack_featured_media_url":"","_links":{"self":[{"href":"https:\/\/www.oparanews.com.br\/index.php\/wp-json\/wp\/v2\/posts\/13615","targetHints":{"allow":["GET"]}}],"collection":[{"href":"https:\/\/www.oparanews.com.br\/index.php\/wp-json\/wp\/v2\/posts"}],"about":[{"href":"https:\/\/www.oparanews.com.br\/index.php\/wp-json\/wp\/v2\/types\/post"}],"author":[{"embeddable":true,"href":"https:\/\/www.oparanews.com.br\/index.php\/wp-json\/wp\/v2\/users\/1"}],"replies":[{"embeddable":true,"href":"https:\/\/www.oparanews.com.br\/index.php\/wp-json\/wp\/v2\/comments?post=13615"}],"version-history":[{"count":0,"href":"https:\/\/www.oparanews.com.br\/index.php\/wp-json\/wp\/v2\/posts\/13615\/revisions"}],"wp:attachment":[{"href":"https:\/\/www.oparanews.com.br\/index.php\/wp-json\/wp\/v2\/media?parent=13615"}],"wp:term":[{"taxonomy":"category","embeddable":true,"href":"https:\/\/www.oparanews.com.br\/index.php\/wp-json\/wp\/v2\/categories?post=13615"},{"taxonomy":"post_tag","embeddable":true,"href":"https:\/\/www.oparanews.com.br\/index.php\/wp-json\/wp\/v2\/tags?post=13615"}],"curies":[{"name":"wp","href":"https:\/\/api.w.org\/{rel}","templated":true}]}}