{"id":13618,"date":"2021-03-09T18:02:59","date_gmt":"2021-03-09T18:02:59","guid":{"rendered":"https:\/\/oparanews.com.br\/?p=13618"},"modified":"2021-03-09T18:02:59","modified_gmt":"2021-03-09T18:02:59","slug":"prefeitura-de-penedo-lanca-calendario-de-licitacoes","status":"publish","type":"post","link":"https:\/\/www.oparanews.com.br\/index.php\/2021\/03\/09\/prefeitura-de-penedo-lanca-calendario-de-licitacoes\/","title":{"rendered":"Prefeitura de Penedo lan\u00e7a calend\u00e1rio de licita\u00e7\u00f5es"},"content":{"rendered":"<p>A Prefeitura de Penedo, por meio da Secretaria Municipal de Fazenda (SEMFAZ), lan\u00e7ou o calend\u00e1rio de licita\u00e7\u00f5es referente aos processos que ocorrer\u00e3o no munic\u00edpio durante este ano.<\/p>\n<p>De acordo com o Departamento de Licita\u00e7\u00f5es da Secretaria Municipal de Fazenda, o calend\u00e1rio reuni, a cada m\u00eas, as licita\u00e7\u00f5es realizadas pela administra\u00e7\u00e3o em suas diversas modalidades.<\/p>\n<p>O calend\u00e1rio referente ao m\u00eas de mar\u00e7o foi disponibilizado pela SEMFAZ Penedo, sendo fundamentado nos princ\u00edpios estabelecidos pela legisla\u00e7\u00e3o em vigor.<\/p>\n<p>O objetivo da cria\u00e7\u00e3o de um calend\u00e1rio pr\u00e9vio de licita\u00e7\u00f5es \u00e9 informar aos interessados as oportunidades que o poder p\u00fablico municipal oferece, para aqueles que desejam fornecer para administra\u00e7\u00e3o p\u00fablica.<\/p>\n<p>Entre os diversos itens que ser\u00e3o licitados pela Prefeitura de Penedo est\u00e1 a aquisi\u00e7\u00e3o de medicamentos, testes ou reagentes para os equipamentos laboratoriais, g\u00eaneros aliment\u00edcios para escolas e creches municipais, dentre outros.<\/p>\n<p>O calend\u00e1rio de licita\u00e7\u00f5es tamb\u00e9m oferece a oportunidade para empresas locais venderem seus produtos para o munic\u00edpio, contribuindo para o desenvolvimento econ\u00f4mico e social.<\/p>\n<p>A divulga\u00e7\u00e3o tamb\u00e9m contribui para gerar emprego e renda \u00e0 popula\u00e7\u00e3o penedense, um dos compromissos principais da gest\u00e3o Crescendo Com Seu Povo.<\/p>\n<p><strong>CALEND\u00c1RIO DE LICITA\u00c7\u00d5ES MAR\u00c7O 2021<\/strong><\/p>\n<p><a href=\"https:\/\/oparanews.com.br\/wp-content\/uploads\/2021\/03\/casos-confirmados-covid-19-penedo-1-e1596410028572-1.jpg\"><img loading=\"lazy\" decoding=\"async\" class=\"aligncenter size-full wp-image-13619\" src=\"https:\/\/oparanews.com.br\/wp-content\/uploads\/2021\/03\/casos-confirmados-covid-19-penedo-1-e1596410028572-1.jpg\" alt=\"\" width=\"701\" height=\"553\" \/><\/a><\/p>\n<p><strong>Fonte: Decom &#8211; PMP<\/strong><\/p>\n","protected":false},"excerpt":{"rendered":"<p>A Prefeitura de Penedo, por meio da Secretaria Municipal de Fazenda (SEMFAZ), lan\u00e7ou o calend\u00e1rio de licita\u00e7\u00f5es referente aos processos que ocorrer\u00e3o no munic\u00edpio durante este ano. De acordo com o Departamento de Licita\u00e7\u00f5es da Secretaria Municipal de Fazenda, o calend\u00e1rio reuni, a cada m\u00eas, as licita\u00e7\u00f5es realizadas pela administra\u00e7\u00e3o em suas diversas modalidades. O &hellip;<\/p>\n","protected":false},"author":1,"featured_media":13620,"comment_status":"closed","ping_status":"closed","sticky":false,"template":"","format":"standard","meta":{"_jetpack_newsletter_access":"","_jetpack_dont_email_post_to_subs":false,"_jetpack_newsletter_tier_id":0,"_jetpack_memberships_contains_paywalled_content":false,"_jetpack_memberships_contains_paid_content":false,"footnotes":""},"categories":[1],"tags":[],"class_list":["post-13618","post","type-post","status-publish","format-standard","has-post-thumbnail","hentry","category-destaque"],"jetpack_sharing_enabled":true,"jetpack_featured_media_url":"","_links":{"self":[{"href":"https:\/\/www.oparanews.com.br\/index.php\/wp-json\/wp\/v2\/posts\/13618","targetHints":{"allow":["GET"]}}],"collection":[{"href":"https:\/\/www.oparanews.com.br\/index.php\/wp-json\/wp\/v2\/posts"}],"about":[{"href":"https:\/\/www.oparanews.com.br\/index.php\/wp-json\/wp\/v2\/types\/post"}],"author":[{"embeddable":true,"href":"https:\/\/www.oparanews.com.br\/index.php\/wp-json\/wp\/v2\/users\/1"}],"replies":[{"embeddable":true,"href":"https:\/\/www.oparanews.com.br\/index.php\/wp-json\/wp\/v2\/comments?post=13618"}],"version-history":[{"count":0,"href":"https:\/\/www.oparanews.com.br\/index.php\/wp-json\/wp\/v2\/posts\/13618\/revisions"}],"wp:attachment":[{"href":"https:\/\/www.oparanews.com.br\/index.php\/wp-json\/wp\/v2\/media?parent=13618"}],"wp:term":[{"taxonomy":"category","embeddable":true,"href":"https:\/\/www.oparanews.com.br\/index.php\/wp-json\/wp\/v2\/categories?post=13618"},{"taxonomy":"post_tag","embeddable":true,"href":"https:\/\/www.oparanews.com.br\/index.php\/wp-json\/wp\/v2\/tags?post=13618"}],"curies":[{"name":"wp","href":"https:\/\/api.w.org\/{rel}","templated":true}]}}