{"id":13622,"date":"2021-03-09T23:45:55","date_gmt":"2021-03-09T23:45:55","guid":{"rendered":"https:\/\/oparanews.com.br\/?p=13622"},"modified":"2021-03-09T23:45:55","modified_gmt":"2021-03-09T23:45:55","slug":"governo-quer-vacinar-populacao-acima-de-60-anos-ate-o-final-de-abril","status":"publish","type":"post","link":"https:\/\/www.oparanews.com.br\/index.php\/2021\/03\/09\/governo-quer-vacinar-populacao-acima-de-60-anos-ate-o-final-de-abril\/","title":{"rendered":"Governo quer vacinar popula\u00e7\u00e3o acima de 60 anos at\u00e9 o final de abril"},"content":{"rendered":"<p>O governador de Alagoas Renan Filho (MDB) afirmou em suas redes sociais que pretende vacinar todas pessoas acima de 60 anos contra a Covid-19 at\u00e9 o final do m\u00eas de abril. Mais de 32 mil doses do imunizante CoronaVac devem chegar na noite desta ter\u00e7a-feira (9).<\/p>\n<p>&#8220;A nossa esperan\u00e7a \u00e9 que at\u00e9 o final desse m\u00eas a gente consiga vacinar todos at\u00e9 65 anos. At\u00e9 o final de abril, n\u00f3s concluamos o do grupo de risco de pessoas com at\u00e9 60 anos&#8221;, disse o governador em suas redes sociais.<\/p>\n<p>Ap\u00f3s as novas doses chegarem a Macei\u00f3, elas ser\u00e3o encaminhadas para a sede do Programa Nacional de Imuniza\u00e7\u00e3o (PNI), no bairro Farol, onde ser\u00e3o cadastradas e distribu\u00eddas aos 102 munic\u00edpios alagoanos. A distribui\u00e7\u00e3o dos imunizantes para as secretarias municipais de sa\u00fade est\u00e1 prevista para a pr\u00f3xima quinta-feira (11).<\/p>\n<p>Segundo o governador, novas doses dos imunizantes chegaram ao estado e, nos pr\u00f3ximos dias, ser\u00e3o vacinadas pessoas acima de 75 anos.<\/p>\n<p>&#8220;N\u00f3s recebemos mais um lote de vacinas hoje e vamos distribuir aos munic\u00edpios para que a gente avance e agora vamos vacinar as pessoas com 77, 76 e 75 anos. Dando sequ\u00eancia \u00e0 campanha de vacina\u00e7\u00e3o que ser\u00e1 fundamental para que a gente possa reduzir o n\u00famero de mortes e interna\u00e7\u00f5es, e por consequ\u00eancia, passarmos para uma nova fase nessa pandemia&#8221;, disse o governador.<\/p>\n<p>O estado segue vacinando profissionais da sa\u00fade. Depois que o os idosos forem vacinados, o estado dar\u00e1 sequ\u00eancia vacinando outros grupos. &#8220;A partir da\u00ed vamos vacinar outras pessoas com comorbidades e os profissionais da educa\u00e7\u00e3o&#8221;, disse.<\/p>\n<p>&nbsp;<\/p>\n<p><strong>Fonte: G1\/AL<\/strong><\/p>\n<p>&nbsp;<\/p>\n","protected":false},"excerpt":{"rendered":"<p>O governador de Alagoas Renan Filho (MDB) afirmou em suas redes sociais que pretende vacinar todas pessoas acima de 60 anos contra a Covid-19 at\u00e9 o final do m\u00eas de abril. Mais de 32 mil doses do imunizante CoronaVac devem chegar na noite desta ter\u00e7a-feira (9). &#8220;A nossa esperan\u00e7a \u00e9 que at\u00e9 o final desse &hellip;<\/p>\n","protected":false},"author":1,"featured_media":13623,"comment_status":"closed","ping_status":"closed","sticky":false,"template":"","format":"standard","meta":{"_jetpack_newsletter_access":"","_jetpack_dont_email_post_to_subs":false,"_jetpack_newsletter_tier_id":0,"_jetpack_memberships_contains_paywalled_content":false,"_jetpack_memberships_contains_paid_content":false,"footnotes":""},"categories":[1],"tags":[],"class_list":["post-13622","post","type-post","status-publish","format-standard","has-post-thumbnail","hentry","category-destaque"],"jetpack_sharing_enabled":true,"jetpack_featured_media_url":"","_links":{"self":[{"href":"https:\/\/www.oparanews.com.br\/index.php\/wp-json\/wp\/v2\/posts\/13622","targetHints":{"allow":["GET"]}}],"collection":[{"href":"https:\/\/www.oparanews.com.br\/index.php\/wp-json\/wp\/v2\/posts"}],"about":[{"href":"https:\/\/www.oparanews.com.br\/index.php\/wp-json\/wp\/v2\/types\/post"}],"author":[{"embeddable":true,"href":"https:\/\/www.oparanews.com.br\/index.php\/wp-json\/wp\/v2\/users\/1"}],"replies":[{"embeddable":true,"href":"https:\/\/www.oparanews.com.br\/index.php\/wp-json\/wp\/v2\/comments?post=13622"}],"version-history":[{"count":0,"href":"https:\/\/www.oparanews.com.br\/index.php\/wp-json\/wp\/v2\/posts\/13622\/revisions"}],"wp:attachment":[{"href":"https:\/\/www.oparanews.com.br\/index.php\/wp-json\/wp\/v2\/media?parent=13622"}],"wp:term":[{"taxonomy":"category","embeddable":true,"href":"https:\/\/www.oparanews.com.br\/index.php\/wp-json\/wp\/v2\/categories?post=13622"},{"taxonomy":"post_tag","embeddable":true,"href":"https:\/\/www.oparanews.com.br\/index.php\/wp-json\/wp\/v2\/tags?post=13622"}],"curies":[{"name":"wp","href":"https:\/\/api.w.org\/{rel}","templated":true}]}}