{"id":13631,"date":"2021-03-10T00:18:28","date_gmt":"2021-03-10T00:18:28","guid":{"rendered":"https:\/\/oparanews.com.br\/?p=13631"},"modified":"2021-03-10T00:18:28","modified_gmt":"2021-03-10T00:18:28","slug":"brasil-bate-novo-recorde-com-quase-2-mil-mortos-em-24h","status":"publish","type":"post","link":"https:\/\/www.oparanews.com.br\/index.php\/2021\/03\/10\/brasil-bate-novo-recorde-com-quase-2-mil-mortos-em-24h\/","title":{"rendered":"Brasil bate novo recorde com quase 2 mil mortos em 24h"},"content":{"rendered":"<p>O Conselho Nacional de Secret\u00e1rios de Sa\u00fade (Conass) informou nesta ter\u00e7a-feira (9) que o Brasil contabilizou mais 1.972 \u00f3bitos e 70.764 cont\u00e1gios nas \u00faltimas 24 horas na pandemia de covid-19, elevando os totais de v\u00edtimas para 268.370 e de contamina\u00e7\u00f5es para 11.122.429.<\/p>\n<p>Com os novos dados, o Pa\u00eds registra a pior marca de mortes desde o in\u00edcio da pandemia, superando o recorde batido no dia 3 de mar\u00e7o, quando foram somadas 1.910 v\u00edtimas.<\/p>\n<p>A m\u00e9dia m\u00f3vel de \u00f3bitos segue em eleva\u00e7\u00e3o e chega a 1.573 nesta ter\u00e7a, enquanto que a de casos subiu para 67.929. Os resultados levam em considera\u00e7\u00e3o os n\u00fameros dos \u00faltimos sete dias.<\/p>\n<p>O Brasil bateu nesta ter\u00e7a-feira, 9, recorde no n\u00famero de mortes pela covid-19. Foram 1.954 pessoas que perderam a vida nas \u00faltimas 24 horas, de acordo com dados reunidos pelo cons\u00f3rcio de ve\u00edculos de imprensa. At\u00e9 ent\u00e3o o maior n\u00famero era do \u00faltimo dia 3, quando houve 1.840 \u00f3bitos por causa do coronav\u00edrus.<\/p>\n<p>No total, o Pa\u00eds teve 268.568 mortes acumuladas pela doen\u00e7a, com 11.125.017 casos. Os dados do cons\u00f3rcio, composto por Estad\u00e3o, G1, O Globo, Extra, Folha e UOL, s\u00e3o coletados junto \u00e0s secretarias estaduais de sa\u00fade.<\/p>\n<p>O Brasil vive atualmente o seu pior momento da pandemia e est\u00e1 desde 20 de janeiro registrando m\u00e9dia de mortes acima da marca de mil. A taxa de letalidade, por\u00e9m, est\u00e1 em 2,4%, enquanto que a de mortalidade subiu para 127,7 a cada 100 mil habitantes.<\/p>\n<p>Na ranking mundial de pa\u00edses mais afetados pela covid-19, o Brasil fica atr\u00e1s apenas dos Estados Unidos (527.389) em rela\u00e7\u00e3o ao n\u00famero absoluto de \u00f3bitos, segundo levantamento da Universidade Johns Hopkins. J\u00e1 em compara\u00e7\u00e3o aos dados de infectados, o pa\u00eds sul-americano fica na terceira posi\u00e7\u00e3o, atr\u00e1s de EUA (29.081.612) e \u00cdndia (11.244.786).<\/p>\n<p>&nbsp;<\/p>\n<p><strong>Com informa\u00e7\u00f5es da Ansa e do Estad\u00e3o Conte\u00fado<\/strong><\/p>\n<p>&nbsp;<\/p>\n","protected":false},"excerpt":{"rendered":"<p>O Conselho Nacional de Secret\u00e1rios de Sa\u00fade (Conass) informou nesta ter\u00e7a-feira (9) que o Brasil contabilizou mais 1.972 \u00f3bitos e 70.764 cont\u00e1gios nas \u00faltimas 24 horas na pandemia de covid-19, elevando os totais de v\u00edtimas para 268.370 e de contamina\u00e7\u00f5es para 11.122.429. Com os novos dados, o Pa\u00eds registra a pior marca de mortes desde &hellip;<\/p>\n","protected":false},"author":1,"featured_media":13632,"comment_status":"closed","ping_status":"closed","sticky":false,"template":"","format":"standard","meta":{"_jetpack_newsletter_access":"","_jetpack_dont_email_post_to_subs":false,"_jetpack_newsletter_tier_id":0,"_jetpack_memberships_contains_paywalled_content":false,"_jetpack_memberships_contains_paid_content":false,"footnotes":""},"categories":[1],"tags":[],"class_list":["post-13631","post","type-post","status-publish","format-standard","has-post-thumbnail","hentry","category-destaque"],"jetpack_sharing_enabled":true,"jetpack_featured_media_url":"","_links":{"self":[{"href":"https:\/\/www.oparanews.com.br\/index.php\/wp-json\/wp\/v2\/posts\/13631","targetHints":{"allow":["GET"]}}],"collection":[{"href":"https:\/\/www.oparanews.com.br\/index.php\/wp-json\/wp\/v2\/posts"}],"about":[{"href":"https:\/\/www.oparanews.com.br\/index.php\/wp-json\/wp\/v2\/types\/post"}],"author":[{"embeddable":true,"href":"https:\/\/www.oparanews.com.br\/index.php\/wp-json\/wp\/v2\/users\/1"}],"replies":[{"embeddable":true,"href":"https:\/\/www.oparanews.com.br\/index.php\/wp-json\/wp\/v2\/comments?post=13631"}],"version-history":[{"count":0,"href":"https:\/\/www.oparanews.com.br\/index.php\/wp-json\/wp\/v2\/posts\/13631\/revisions"}],"wp:attachment":[{"href":"https:\/\/www.oparanews.com.br\/index.php\/wp-json\/wp\/v2\/media?parent=13631"}],"wp:term":[{"taxonomy":"category","embeddable":true,"href":"https:\/\/www.oparanews.com.br\/index.php\/wp-json\/wp\/v2\/categories?post=13631"},{"taxonomy":"post_tag","embeddable":true,"href":"https:\/\/www.oparanews.com.br\/index.php\/wp-json\/wp\/v2\/tags?post=13631"}],"curies":[{"name":"wp","href":"https:\/\/api.w.org\/{rel}","templated":true}]}}