{"id":13641,"date":"2021-03-10T00:26:20","date_gmt":"2021-03-10T00:26:20","guid":{"rendered":"https:\/\/oparanews.com.br\/?p=13641"},"modified":"2021-03-10T00:26:20","modified_gmt":"2021-03-10T00:26:20","slug":"meninos-da-vila-resolvem-e-santos-vence-o-deportivo-lara","status":"publish","type":"post","link":"https:\/\/www.oparanews.com.br\/index.php\/2021\/03\/10\/meninos-da-vila-resolvem-e-santos-vence-o-deportivo-lara\/","title":{"rendered":"Meninos da Vila resolvem e Santos vence o Deportivo Lara"},"content":{"rendered":"<p>Em partida de ida da segunda fase da Libertadores, o Santos venceu o Deportivo Lara-VEN por 2 a 1, na Vila Belmiro. Vin\u00edcius Balieiro e Kaiky marcaram para os mandantes, enquanto Ignacio Anzola descontou para os visitantes.<\/p>\n<p>Com o resultado, qualquer empate ou vit\u00f3ria dos comandados de Ariel Holan classifica os brasileiros. Caso ven\u00e7a por 1 a 0, o Lara consegue a classifica\u00e7\u00e3o. O duelo de volta acontece na pr\u00f3xima ter\u00e7a-feira (16), \u00e0s 19h15, em Caracas.<\/p>\n<p>&nbsp;<\/p>\n<p><strong>Fonte: Terra<\/strong><\/p>\n<p>&nbsp;<\/p>\n","protected":false},"excerpt":{"rendered":"<p>Em partida de ida da segunda fase da Libertadores, o Santos venceu o Deportivo Lara-VEN por 2 a 1, na Vila Belmiro. Vin\u00edcius Balieiro e Kaiky marcaram para os mandantes, enquanto Ignacio Anzola descontou para os visitantes. Com o resultado, qualquer empate ou vit\u00f3ria dos comandados de Ariel Holan classifica os brasileiros. Caso ven\u00e7a por &hellip;<\/p>\n","protected":false},"author":1,"featured_media":13642,"comment_status":"closed","ping_status":"closed","sticky":false,"template":"","format":"standard","meta":{"_jetpack_newsletter_access":"","_jetpack_dont_email_post_to_subs":false,"_jetpack_newsletter_tier_id":0,"_jetpack_memberships_contains_paywalled_content":false,"_jetpack_memberships_contains_paid_content":false,"footnotes":""},"categories":[1],"tags":[],"class_list":["post-13641","post","type-post","status-publish","format-standard","has-post-thumbnail","hentry","category-destaque"],"jetpack_sharing_enabled":true,"jetpack_featured_media_url":"","_links":{"self":[{"href":"https:\/\/www.oparanews.com.br\/index.php\/wp-json\/wp\/v2\/posts\/13641","targetHints":{"allow":["GET"]}}],"collection":[{"href":"https:\/\/www.oparanews.com.br\/index.php\/wp-json\/wp\/v2\/posts"}],"about":[{"href":"https:\/\/www.oparanews.com.br\/index.php\/wp-json\/wp\/v2\/types\/post"}],"author":[{"embeddable":true,"href":"https:\/\/www.oparanews.com.br\/index.php\/wp-json\/wp\/v2\/users\/1"}],"replies":[{"embeddable":true,"href":"https:\/\/www.oparanews.com.br\/index.php\/wp-json\/wp\/v2\/comments?post=13641"}],"version-history":[{"count":0,"href":"https:\/\/www.oparanews.com.br\/index.php\/wp-json\/wp\/v2\/posts\/13641\/revisions"}],"wp:attachment":[{"href":"https:\/\/www.oparanews.com.br\/index.php\/wp-json\/wp\/v2\/media?parent=13641"}],"wp:term":[{"taxonomy":"category","embeddable":true,"href":"https:\/\/www.oparanews.com.br\/index.php\/wp-json\/wp\/v2\/categories?post=13641"},{"taxonomy":"post_tag","embeddable":true,"href":"https:\/\/www.oparanews.com.br\/index.php\/wp-json\/wp\/v2\/tags?post=13641"}],"curies":[{"name":"wp","href":"https:\/\/api.w.org\/{rel}","templated":true}]}}