{"id":13645,"date":"2021-03-10T00:30:16","date_gmt":"2021-03-10T00:30:16","guid":{"rendered":"https:\/\/oparanews.com.br\/?p=13645"},"modified":"2021-03-10T00:30:16","modified_gmt":"2021-03-10T00:30:16","slug":"lucao-revela-que-seu-objetivo-e-ser-o-artilheiro-do-crb","status":"publish","type":"post","link":"https:\/\/www.oparanews.com.br\/index.php\/2021\/03\/10\/lucao-revela-que-seu-objetivo-e-ser-o-artilheiro-do-crb\/","title":{"rendered":"Luc\u00e3o revela que seu objetivo \u00e9 ser o artilheiro do CRB"},"content":{"rendered":"<p>Autor do gol que abriu o caminho para a vit\u00f3ria do CRB sobre o Sport, no \u00faltimo s\u00e1bado (6), Luc\u00e3o \u00e9 ambicioso para 2021. O atacante afirma que planeja ser o artilheiro do Galo nesta temporada e, para isso, n\u00e3o faltar\u00e3o entrega e dedica\u00e7\u00e3o.<\/p>\n<p>&#8220;Minha ideia \u00e9 ser o artilheiro do CRB na temporada. Quero conquistar esse objetivo e vou trabalhar muito por ele. N\u00e3o v\u00e3o faltar entrega e dedica\u00e7\u00e3o da minha parte ao longo desta temporada&#8221;, disse o jogador.<\/p>\n<p>Titular com Roberto Fernandes, Luc\u00e3o se mostra feliz com a camisa do CRB. Com ela, o atacante de 29 anos disputou 15 partidas, marcando quatro gols. Para o jogador, o momento que vive no clube \u00e9 \u201cespecial\u201d.<\/p>\n<p>\u201cEstou passando por um momento muito especial com a camisa do clube. Tenho me dedicado muito para melhorar ainda mais meu desempenho em campo, com o grupo. S\u00f3 tenho a agradecer ao grupo, ao carinho do torcedor e \u00e0 comiss\u00e3o t\u00e9cnica pelo carinho. Tudo isso tem me ajudado muito&#8221;, destacou.<\/p>\n<p>O pr\u00f3ximo compromisso do Galo \u00e9 contra o Alian\u00e7a, pelo Alagoano, nesta quarta-feira (10), mas a cabe\u00e7a do time est\u00e1 mesmo no fim de semana. No domingo (14), o CRB tem, pela frente, o primeiro Cl\u00e1ssico das Multid\u00f5es do ano, v\u00e1lido pela Copa do Nordeste. Luc\u00e3o n\u00e3o esconde a ansiedade em enfrentar o grande rival CSA.<\/p>\n<p>&#8220;Temos uma semana de cl\u00e1ssico e \u00e9 sempre diferente, mas temos que fazer um bom jogo diante do Alian\u00e7a, para chegarmos bem no confronto com o CSA, que tem uma grande equipe. Um passo de cada vez&#8221;, completou.<\/p>\n<p>&nbsp;<\/p>\n<p><strong>Fonte: com Assessoria<\/strong><\/p>\n<p>&nbsp;<\/p>\n","protected":false},"excerpt":{"rendered":"<p>Autor do gol que abriu o caminho para a vit\u00f3ria do CRB sobre o Sport, no \u00faltimo s\u00e1bado (6), Luc\u00e3o \u00e9 ambicioso para 2021. O atacante afirma que planeja ser o artilheiro do Galo nesta temporada e, para isso, n\u00e3o faltar\u00e3o entrega e dedica\u00e7\u00e3o. &#8220;Minha ideia \u00e9 ser o artilheiro do CRB na temporada. Quero &hellip;<\/p>\n","protected":false},"author":1,"featured_media":13646,"comment_status":"closed","ping_status":"closed","sticky":false,"template":"","format":"standard","meta":{"_jetpack_newsletter_access":"","_jetpack_dont_email_post_to_subs":false,"_jetpack_newsletter_tier_id":0,"_jetpack_memberships_contains_paywalled_content":false,"_jetpack_memberships_contains_paid_content":false,"footnotes":""},"categories":[1],"tags":[],"class_list":["post-13645","post","type-post","status-publish","format-standard","has-post-thumbnail","hentry","category-destaque"],"jetpack_sharing_enabled":true,"jetpack_featured_media_url":"","_links":{"self":[{"href":"https:\/\/www.oparanews.com.br\/index.php\/wp-json\/wp\/v2\/posts\/13645","targetHints":{"allow":["GET"]}}],"collection":[{"href":"https:\/\/www.oparanews.com.br\/index.php\/wp-json\/wp\/v2\/posts"}],"about":[{"href":"https:\/\/www.oparanews.com.br\/index.php\/wp-json\/wp\/v2\/types\/post"}],"author":[{"embeddable":true,"href":"https:\/\/www.oparanews.com.br\/index.php\/wp-json\/wp\/v2\/users\/1"}],"replies":[{"embeddable":true,"href":"https:\/\/www.oparanews.com.br\/index.php\/wp-json\/wp\/v2\/comments?post=13645"}],"version-history":[{"count":0,"href":"https:\/\/www.oparanews.com.br\/index.php\/wp-json\/wp\/v2\/posts\/13645\/revisions"}],"wp:attachment":[{"href":"https:\/\/www.oparanews.com.br\/index.php\/wp-json\/wp\/v2\/media?parent=13645"}],"wp:term":[{"taxonomy":"category","embeddable":true,"href":"https:\/\/www.oparanews.com.br\/index.php\/wp-json\/wp\/v2\/categories?post=13645"},{"taxonomy":"post_tag","embeddable":true,"href":"https:\/\/www.oparanews.com.br\/index.php\/wp-json\/wp\/v2\/tags?post=13645"}],"curies":[{"name":"wp","href":"https:\/\/api.w.org\/{rel}","templated":true}]}}