{"id":13651,"date":"2021-03-10T11:55:29","date_gmt":"2021-03-10T11:55:29","guid":{"rendered":"https:\/\/oparanews.com.br\/?p=13651"},"modified":"2021-03-10T11:55:29","modified_gmt":"2021-03-10T11:55:29","slug":"alerj-aprova-mudanca-de-nome-do-maracana-para-rei-pele","status":"publish","type":"post","link":"https:\/\/www.oparanews.com.br\/index.php\/2021\/03\/10\/alerj-aprova-mudanca-de-nome-do-maracana-para-rei-pele\/","title":{"rendered":"Alerj aprova mudan\u00e7a de nome do Maracan\u00e3 para Rei Pel\u00e9"},"content":{"rendered":"<p>Os deputados da Assembleia legislativa do Rio de Janeiro (ALERJ) votaram a favor do projeto de renomea\u00e7\u00e3o do Maracan\u00e3 nesta-ter\u00e7a-feira. Caso o Governador em exerc\u00edcio do estado, Claudio Castro, sancione a proposta, o Est\u00e1dio Jornalista M\u00e1rio Filho passar\u00e1 a ser chamado de Est\u00e1dio Edson Arantes do Nascimento &#8211; Rei Pel\u00e9.<\/p>\n<p>No texto aprovado pelos deputados, o complexo poliesportivo do Maracan\u00e3, que conta com o est\u00e1dio de futebol, o Maracan\u00e3zinho, o parque aqu\u00e1tico J\u00falio Delamare e o est\u00e1dio de atletismo C\u00e9lio de Barros, passaria a se chamar Complexo M\u00e1rio Filho, para continuar homenageando o jornalista.<\/p>\n<p>&#8211; O Rei Pel\u00e9 \u00e9 o maior jogador de todos os tempos do planeta. Ele representou o Brasil e representa. N\u00e3o tenho d\u00favida que o Maracan\u00e3 vai continuar sendo chamado de Maracan\u00e3. Todo o complexo se chamar\u00e1 jornalista M\u00e1rio Filho, porque todos n\u00f3s sabemos a luta que ele teve para a constru\u00e7\u00e3o do est\u00e1dio no local onde se encontra &#8211; explicou o deputado e presidente da ALERJ Andr\u00e9 Ceciliano.<\/p>\n<p>O est\u00e1dio do Maracan\u00e3 tem seu nome em homenagem ao jornalista esportivo M\u00e1rio Filho, que fez campanha pela constru\u00e7\u00e3o da arena para a Copa do Mundo de 1950, no Brasil. Os torcedores cariocas chamam o campo apenas de &#8220;Maracan\u00e3&#8221; por causa da regi\u00e3o que ele se encontra na cidade.<\/p>\n<p>&nbsp;<\/p>\n<p><strong>Fonte: LANCE!<\/strong><\/p>\n<p>&nbsp;<\/p>\n","protected":false},"excerpt":{"rendered":"<p>Os deputados da Assembleia legislativa do Rio de Janeiro (ALERJ) votaram a favor do projeto de renomea\u00e7\u00e3o do Maracan\u00e3 nesta-ter\u00e7a-feira. Caso o Governador em exerc\u00edcio do estado, Claudio Castro, sancione a proposta, o Est\u00e1dio Jornalista M\u00e1rio Filho passar\u00e1 a ser chamado de Est\u00e1dio Edson Arantes do Nascimento &#8211; Rei Pel\u00e9. No texto aprovado pelos deputados, &hellip;<\/p>\n","protected":false},"author":1,"featured_media":13652,"comment_status":"closed","ping_status":"closed","sticky":false,"template":"","format":"standard","meta":{"_jetpack_newsletter_access":"","_jetpack_dont_email_post_to_subs":false,"_jetpack_newsletter_tier_id":0,"_jetpack_memberships_contains_paywalled_content":false,"_jetpack_memberships_contains_paid_content":false,"footnotes":""},"categories":[1],"tags":[],"class_list":["post-13651","post","type-post","status-publish","format-standard","has-post-thumbnail","hentry","category-destaque"],"jetpack_sharing_enabled":true,"jetpack_featured_media_url":"","_links":{"self":[{"href":"https:\/\/www.oparanews.com.br\/index.php\/wp-json\/wp\/v2\/posts\/13651","targetHints":{"allow":["GET"]}}],"collection":[{"href":"https:\/\/www.oparanews.com.br\/index.php\/wp-json\/wp\/v2\/posts"}],"about":[{"href":"https:\/\/www.oparanews.com.br\/index.php\/wp-json\/wp\/v2\/types\/post"}],"author":[{"embeddable":true,"href":"https:\/\/www.oparanews.com.br\/index.php\/wp-json\/wp\/v2\/users\/1"}],"replies":[{"embeddable":true,"href":"https:\/\/www.oparanews.com.br\/index.php\/wp-json\/wp\/v2\/comments?post=13651"}],"version-history":[{"count":0,"href":"https:\/\/www.oparanews.com.br\/index.php\/wp-json\/wp\/v2\/posts\/13651\/revisions"}],"wp:attachment":[{"href":"https:\/\/www.oparanews.com.br\/index.php\/wp-json\/wp\/v2\/media?parent=13651"}],"wp:term":[{"taxonomy":"category","embeddable":true,"href":"https:\/\/www.oparanews.com.br\/index.php\/wp-json\/wp\/v2\/categories?post=13651"},{"taxonomy":"post_tag","embeddable":true,"href":"https:\/\/www.oparanews.com.br\/index.php\/wp-json\/wp\/v2\/tags?post=13651"}],"curies":[{"name":"wp","href":"https:\/\/api.w.org\/{rel}","templated":true}]}}