{"id":13654,"date":"2021-03-10T12:11:27","date_gmt":"2021-03-10T12:11:27","guid":{"rendered":"https:\/\/oparanews.com.br\/?p=13654"},"modified":"2021-03-10T12:11:27","modified_gmt":"2021-03-10T12:11:27","slug":"prefeito-marcelo-beltrao-faz-balanco-dos-primeiros-dois-meses-de-administracao","status":"publish","type":"post","link":"https:\/\/www.oparanews.com.br\/index.php\/2021\/03\/10\/prefeito-marcelo-beltrao-faz-balanco-dos-primeiros-dois-meses-de-administracao\/","title":{"rendered":"Prefeito Marcelo Beltr\u00e3o faz balan\u00e7o dos primeiros dois meses de administra\u00e7\u00e3o"},"content":{"rendered":"<p>Na manh\u00e3 da \u00faltima sexta-feira (05), o prefeito de Coruripe, Marcelo Beltr\u00e3o (PP), reuniu a imprensa local para fazer um balan\u00e7o dos primeiros dois meses de administra\u00e7\u00e3o. Em pouco mais de uma hora, o gestor pontuou todos os problemas encontrados neste in\u00edcio. Um dos entraves destacados pelo chefe do Executivo \u00e9 o problema jur\u00eddico que envolve um concurso realizado em 2016, j\u00e1 vencido, o que impede a contrata\u00e7\u00e3o de pessoal e a realiza\u00e7\u00e3o de Processo Seletivo Simplificado (PSS) para suprir as necessidades da popula\u00e7\u00e3o. Al\u00e9m disso, apresentou os d\u00e9bitos e restos a pagar deixados pelos gestores passados, que v\u00e3o de INSS at\u00e9 inadimpl\u00eancia com a Equatorial, distribuidora de energia.<\/p>\n<p>Na abertura da coletiva de imprensa, o prefeito fez um breve relato , para deixar os internautas que estavam acompanhando pelas redes sociais cientes de tudo. O que tamb\u00e9m serviu para subsidiar os profissionais da comunica\u00e7\u00e3o que estiveram presentes com suas perguntas.<\/p>\n<p>\u201cEncontramos v\u00e1rios problemas financeiros nestes dois meses de administra\u00e7\u00e3o. S\u00e3o tantas dificuldades. Vejam que tenho experi\u00eancia ao longo dos mais de 20 anos de vida p\u00fablica. Nunca tinha me deparado com tantos problemas. S\u00f3 para exemplificar: Todo m\u00eas o governo federal desconta meio milh\u00e3o em parcelamentos do INSS, FGTS e um software comprado pelo munic\u00edpio. Um verdadeiro bombardeio nas contas e na condu\u00e7\u00e3o do Munic\u00edpio.\u201d, observou.<\/p>\n<p><strong>D\u00e9bitos e restos a pagar<\/strong><\/p>\n<p>Outro grande problema exposto na coletiva foi relacionado aos restos a pagar. Dentro deste ponto, o parcelamento com a Equatorial, concession\u00e1ria de energia que atua em Alagoas.<\/p>\n<p>\u201cNa \u00faltima quinta-feira recebemos uma equipe da Equatorial, momento que fomos notificados oficialmente de d\u00e9bitos da Prefeitura com a concession\u00e1ria. S\u00f3 com a empresa o Munic\u00edpio deve mais de R$ 2,5 milh\u00f5es, somados os tr\u00eas \u00faltimos anos. S\u00e3o recursos que poderiam estar sendo investidos em outras \u00e1reas, beneficiando o povo de Coruripe\u201d, chamou a aten\u00e7\u00e3o.<\/p>\n<p><strong>Mutir\u00e3o de limpeza p\u00fablica<\/strong><\/p>\n<p>Outro ponto exposto na coletiva foi o mutir\u00e3o de limpeza. Nos \u00faltimos meses de 2020 a prefeitura deixou acumular lixo dom\u00e9stico, entulhos e o crescimento de mato em todo o munic\u00edpio.<\/p>\n<p>\u201cNo primeiro dia da gest\u00e3o iniciamos uma verdadeira for\u00e7a tarefa para limpar as zonas urbana e rural. A cidade necessitava de uma grande limpeza, o que ainda est\u00e1 ocorrendo. Na regi\u00e3o central de Coruripe, Pindorama, povoados e praias nos meses de janeiro e fevereiro foram retiradas das ruas entre lixo dom\u00e9stico, metralhas e capina\u00e7\u00e3o mais de oito mil toneladas. Esse tipo de servi\u00e7o \u00e9 essencial para a popula\u00e7\u00e3o. E tamb\u00e9m para uma cidade que quer receber o turista bem\u201d, explicou Marcelo Beltr\u00e3o.<\/p>\n<p><strong>Contrata\u00e7\u00e3o de pessoal, PSS e problema jur\u00eddico<\/strong><\/p>\n<p>Ainda em janeiro, t\u00e3o logo assumiu o comando do Executivo, o prefeito foi notificado pelo Poder Judici\u00e1rio sobre um problema que envolve um concurso realizado em 2016. Segundo o gestor, a vig\u00eancia do certame j\u00e1 expirou. Por\u00e9m, enquanto o problema jur\u00eddico n\u00e3o for resolvido, o Munic\u00edpio n\u00e3o pode contratar e nem realizar Processo Seletivo Simplificado, seguindo orienta\u00e7\u00e3o da Justi\u00e7a.<\/p>\n<p>\u201cEst\u00e1vamos organizando Processos Seletivos para suprir as necessidades da popula\u00e7\u00e3o. Mas, em seguida, a Justi\u00e7a mandou suspender. Nem para suprir as necessidades dos programas federais podemos contratar, a exemplo do Bolsa Fam\u00edlia. O Tribunal de Contas j\u00e1 se posicionou por suspei\u00e7\u00e3o. Por\u00e9m, s\u00f3 podemos dar andamento aos PSS\u2019s e contra\u00e7\u00e3o quando a Justi\u00e7a autorizar\u201d, explicou um dos questionamentos feitos pela imprensa.<\/p>\n<p>Ao assumir e realizar um levantamento sobre o quadro de pessoal da administra\u00e7\u00e3o foram constatadas algumas anomalias. O que obrigou o Munic\u00edpio a realizar uma primeira auditoria na folha de servidores efetivos para descobrir quantos a administra\u00e7\u00e3o possui e quais as suas lota\u00e7\u00f5es. Essa dificuldade se deu pelo fato que os computadores dos Recursos Humanos, Finan\u00e7as e algumas secretarias foram formatados. Outra dificuldade \u00e9 que as folhas salariais da Sa\u00fade e Educa\u00e7\u00e3o eram rodadas de forma independente, sem que a Secretaria de Administra\u00e7\u00e3o tivesse qualquer tipo de acesso.<\/p>\n<p>\u201cEncontramos na folha da administra\u00e7\u00e3o muitas distor\u00e7\u00f5es. Muitos servidores lotados em uma \u00fanica fun\u00e7\u00e3o. Tinha uma Pra\u00e7a Esportiva que era um vigia para ligar a luz e outro desligar. Uma escola de doze salas que tinha 23 servidores para servi\u00e7o gerais em um ano que n\u00e3o houve aula presencial. Tenham certeza que t\u00e3o logo seja resolvido o problema jur\u00eddico, vamos realizar Processo Seletivo para contratar e atender as demandas da popula\u00e7\u00e3o e, mais pra frente, um concurso. Afinal, n\u00f3s fomos eleitos para atender os anseios do povo, a esperan\u00e7a da popula\u00e7\u00e3o foi essa. Vamos oferecer um servi\u00e7o de qualidade e ao alcance de todos\u201d, atestou o chefe do Executivo.<\/p>\n<p><strong>Sa\u00fade P\u00fablica<\/strong><\/p>\n<p>Uma das plataformas de governo expostas durante a campanha eleitoral, que atendia os anseios da Pindorama era a reativa\u00e7\u00e3o do Hospital. Fato este colocado na coletiva. O prefeito Marcelo Beltr\u00e3o (PP) reafirmou mais uma vez que este antigo sonho j\u00e1 est\u00e1 se tornando real.<\/p>\n<p>\u201cEste anseio da Pindorama vai ser concretizado. Afirmo que o projeto do Hospital j\u00e1 est\u00e1 em tramita\u00e7\u00e3o na Secretaria de Estado da Sa\u00fade. Este equipamento em funcionamento vai desafogar o Hospital de Coruripe e trazer um maior tempo resposta no atendimento aos pacientes. Com ele em funcionamento, todos ganham\u201d, disse. Marcelo tamb\u00e9m explicou que o Posto de Sa\u00fade ser\u00e1 relocado para uma regi\u00e3o Central da Pindorama, ficando todo pr\u00e9dio s\u00f3 para o funcionamento do Hospital.<\/p>\n<p>E acrescentou: \u201cA Sa\u00fade P\u00fablica de Coruripe precisa de muito trabalho. J\u00e1 existem projetos em andamento, buscando ampliar a oferta no atendimento. Durante a campanha escutei muitas reclama\u00e7\u00f5es dos eleitores. Gr\u00e1vidas me confidenciaram que n\u00e3o realizaram pr\u00e9-natal. Muita gente sem acesso ao b\u00e1sico e nem sequer tinham a quem recorrer e reclamar. J\u00e1 estamos trabalhando em cima desses problemas detectados. Garanto que vamos ter uma sa\u00fade p\u00fablica mais humanizada\u201d.<\/p>\n<p>&nbsp;<\/p>\n<p><strong>Fonte: Assessoria<\/strong><\/p>\n<p>&nbsp;<\/p>\n","protected":false},"excerpt":{"rendered":"<p>Na manh\u00e3 da \u00faltima sexta-feira (05), o prefeito de Coruripe, Marcelo Beltr\u00e3o (PP), reuniu a imprensa local para fazer um balan\u00e7o dos primeiros dois meses de administra\u00e7\u00e3o. Em pouco mais de uma hora, o gestor pontuou todos os problemas encontrados neste in\u00edcio. Um dos entraves destacados pelo chefe do Executivo \u00e9 o problema jur\u00eddico que &hellip;<\/p>\n","protected":false},"author":1,"featured_media":13655,"comment_status":"closed","ping_status":"closed","sticky":false,"template":"","format":"standard","meta":{"_jetpack_newsletter_access":"","_jetpack_dont_email_post_to_subs":false,"_jetpack_newsletter_tier_id":0,"_jetpack_memberships_contains_paywalled_content":false,"_jetpack_memberships_contains_paid_content":false,"footnotes":""},"categories":[1],"tags":[],"class_list":["post-13654","post","type-post","status-publish","format-standard","has-post-thumbnail","hentry","category-destaque"],"jetpack_sharing_enabled":true,"jetpack_featured_media_url":"","_links":{"self":[{"href":"https:\/\/www.oparanews.com.br\/index.php\/wp-json\/wp\/v2\/posts\/13654","targetHints":{"allow":["GET"]}}],"collection":[{"href":"https:\/\/www.oparanews.com.br\/index.php\/wp-json\/wp\/v2\/posts"}],"about":[{"href":"https:\/\/www.oparanews.com.br\/index.php\/wp-json\/wp\/v2\/types\/post"}],"author":[{"embeddable":true,"href":"https:\/\/www.oparanews.com.br\/index.php\/wp-json\/wp\/v2\/users\/1"}],"replies":[{"embeddable":true,"href":"https:\/\/www.oparanews.com.br\/index.php\/wp-json\/wp\/v2\/comments?post=13654"}],"version-history":[{"count":0,"href":"https:\/\/www.oparanews.com.br\/index.php\/wp-json\/wp\/v2\/posts\/13654\/revisions"}],"wp:attachment":[{"href":"https:\/\/www.oparanews.com.br\/index.php\/wp-json\/wp\/v2\/media?parent=13654"}],"wp:term":[{"taxonomy":"category","embeddable":true,"href":"https:\/\/www.oparanews.com.br\/index.php\/wp-json\/wp\/v2\/categories?post=13654"},{"taxonomy":"post_tag","embeddable":true,"href":"https:\/\/www.oparanews.com.br\/index.php\/wp-json\/wp\/v2\/tags?post=13654"}],"curies":[{"name":"wp","href":"https:\/\/api.w.org\/{rel}","templated":true}]}}