{"id":13657,"date":"2021-03-11T00:09:39","date_gmt":"2021-03-11T00:09:39","guid":{"rendered":"https:\/\/oparanews.com.br\/?p=13657"},"modified":"2021-03-11T00:09:39","modified_gmt":"2021-03-11T00:09:39","slug":"alagoas-registra-mais-16-mortes-por-covid-19-em-24-horas","status":"publish","type":"post","link":"https:\/\/www.oparanews.com.br\/index.php\/2021\/03\/11\/alagoas-registra-mais-16-mortes-por-covid-19-em-24-horas\/","title":{"rendered":"Alagoas registra mais 16 mortes por Covid-19 em 24 horas"},"content":{"rendered":"<p>Alagoas registrou 16 mortes e 580 casos confirmados de Covid-19 nas \u00faltimas 24 horas, chegando ao total de 3.134 \u00f3bitos e 137.339 casos desde o come\u00e7o da pandemia. As informa\u00e7\u00f5es s\u00e3o do boletim epidemiol\u00f3gico da Secretaria de Estado da Sa\u00fade (Sesau) desta quarta-feira (10).<\/p>\n<p>82% dos leitos de UTI para pacientes com Covid-19 est\u00e3o ocupados. A taxa de ocupa\u00e7\u00e3o total, considerando tamb\u00e9m os leitos cl\u00ednicos, atingiu 69%, segundo atualiza\u00e7\u00e3o feita na ter\u00e7a (9).<\/p>\n<p>No estado, h\u00e1 13.811 casos em investiga\u00e7\u00e3o laboratorial, \u00e0 espera do resultado do exame. Do total de casos confirmados, 130.157 pessoas finalizaram per\u00edodo de isolamento e se recuperaram.<\/p>\n<p>Das 16 v\u00edtimas da doen\u00e7a confirmadas nesta quarta, 11 eram do interior e cinco de Macei\u00f3. Desde o come\u00e7o da pandemia, a capital alagoana concentra o total de 53.514 casos e 1.402 \u00f3bitos.<\/p>\n<p>Entre os casos positivos para a doen\u00e7a, 3.379 pessoas ainda est\u00e3o em isolamento domiciliar.<\/p>\n<p>&nbsp;<\/p>\n<p><strong>Fonte: G1\/AL<\/strong><\/p>\n<p>&nbsp;<\/p>\n","protected":false},"excerpt":{"rendered":"<p>Alagoas registrou 16 mortes e 580 casos confirmados de Covid-19 nas \u00faltimas 24 horas, chegando ao total de 3.134 \u00f3bitos e 137.339 casos desde o come\u00e7o da pandemia. As informa\u00e7\u00f5es s\u00e3o do boletim epidemiol\u00f3gico da Secretaria de Estado da Sa\u00fade (Sesau) desta quarta-feira (10). 82% dos leitos de UTI para pacientes com Covid-19 est\u00e3o ocupados. &hellip;<\/p>\n","protected":false},"author":1,"featured_media":8832,"comment_status":"closed","ping_status":"closed","sticky":false,"template":"","format":"standard","meta":{"_jetpack_newsletter_access":"","_jetpack_dont_email_post_to_subs":false,"_jetpack_newsletter_tier_id":0,"_jetpack_memberships_contains_paywalled_content":false,"_jetpack_memberships_contains_paid_content":false,"footnotes":""},"categories":[1],"tags":[],"class_list":["post-13657","post","type-post","status-publish","format-standard","has-post-thumbnail","hentry","category-destaque"],"jetpack_sharing_enabled":true,"jetpack_featured_media_url":"","_links":{"self":[{"href":"https:\/\/www.oparanews.com.br\/index.php\/wp-json\/wp\/v2\/posts\/13657","targetHints":{"allow":["GET"]}}],"collection":[{"href":"https:\/\/www.oparanews.com.br\/index.php\/wp-json\/wp\/v2\/posts"}],"about":[{"href":"https:\/\/www.oparanews.com.br\/index.php\/wp-json\/wp\/v2\/types\/post"}],"author":[{"embeddable":true,"href":"https:\/\/www.oparanews.com.br\/index.php\/wp-json\/wp\/v2\/users\/1"}],"replies":[{"embeddable":true,"href":"https:\/\/www.oparanews.com.br\/index.php\/wp-json\/wp\/v2\/comments?post=13657"}],"version-history":[{"count":0,"href":"https:\/\/www.oparanews.com.br\/index.php\/wp-json\/wp\/v2\/posts\/13657\/revisions"}],"wp:attachment":[{"href":"https:\/\/www.oparanews.com.br\/index.php\/wp-json\/wp\/v2\/media?parent=13657"}],"wp:term":[{"taxonomy":"category","embeddable":true,"href":"https:\/\/www.oparanews.com.br\/index.php\/wp-json\/wp\/v2\/categories?post=13657"},{"taxonomy":"post_tag","embeddable":true,"href":"https:\/\/www.oparanews.com.br\/index.php\/wp-json\/wp\/v2\/tags?post=13657"}],"curies":[{"name":"wp","href":"https:\/\/api.w.org\/{rel}","templated":true}]}}