{"id":13659,"date":"2021-03-11T00:13:36","date_gmt":"2021-03-11T00:13:36","guid":{"rendered":"https:\/\/oparanews.com.br\/?p=13659"},"modified":"2021-03-11T00:13:36","modified_gmt":"2021-03-11T00:13:36","slug":"jhc-anuncia-pacote-emergencial-para-empresarios-afetados-pela-pandemia","status":"publish","type":"post","link":"https:\/\/www.oparanews.com.br\/index.php\/2021\/03\/11\/jhc-anuncia-pacote-emergencial-para-empresarios-afetados-pela-pandemia\/","title":{"rendered":"JHC anuncia pacote emergencial para empres\u00e1rios afetados pela pandemia"},"content":{"rendered":"<p>O prefeito de Macei\u00f3 JHC (PSB) anunciou na tarde desta quarta-feira (10) um pacote emergencial para ajudar os empres\u00e1rios prejudicados pela imposi\u00e7\u00e3o de funcionamento em hor\u00e1rio reduzido, medida estabelecida em decreto estadual para conter o avan\u00e7o do coronav\u00edrus.<\/p>\n<p>Em uma publica\u00e7\u00e3o nas redes sociais, o prefeito disse que as medidas devem beneficiar, principalmente, donos de bares e restaurantes. O pacote de medidas vai ser enviado para a C\u00e2mara Municipal nesta quinta (11), com pedido de urg\u00eancia para aprecia\u00e7\u00e3o dos vereadores.<\/p>\n<p>\u201cEstamos lan\u00e7ando um pacote de socorro emergencial para fazer frente \u00e0 pandemia. As medidas v\u00e3o beneficiar toda popula\u00e7\u00e3o, em especial o setor de bares e restaurantes&#8221;, disse o prefeito de Macei\u00f3.<\/p>\n<p><strong>Os benef\u00edcios anunciados s\u00e3o:<\/strong><\/p>\n<p>* Desconto da cota \u00fanica de IPTU ser\u00e1 15% com o pagamento at\u00e9 31\/03 e de 10% at\u00e9 30\/04 para todos os contribuintes.<br \/>\n* Isen\u00e7\u00e3o total da primeira parcela da taxa de localiza\u00e7\u00e3o para bares e restaurantes.<br \/>\n* Validade da certid\u00e3o negativa ser\u00e1 de 180 dias para toda popula\u00e7\u00e3o.<\/p>\n<p>Para os contribuintes que j\u00e1 pagaram o tributo, o valor do desconto excedente ficar\u00e1 de cr\u00e9dito para o pr\u00f3ximo ano, segundo informa\u00e7\u00f5es da prefeitura.<\/p>\n<p>O \u00faltimo decreto do governador de Alagoas, que come\u00e7ou a valer na segunda (8), regrediu a capital para a fase laranja do distanciamento social. Nela, bares e restaurantes s\u00f3 podem funcionar de segunda a sexta-feira at\u00e9 as 20h. Nos finais de semana, devem permanecer fechados.<\/p>\n<p>O setor tem feito diversas queixas \u00e0s medidas de restri\u00e7\u00e3o, temendo fechamento de empresas e alto n\u00famero de demiss\u00f5es. Segundo a Associa\u00e7\u00e3o Brasileira de Bares e Restaurantes de Alagoas (Abrasel-AL), os empres\u00e1rios foram pegos de surpresa com o endurecimento das restri\u00e7\u00f5es.<\/p>\n<p>&nbsp;<\/p>\n<p><strong>Fonte: G1\/AL<\/strong><\/p>\n","protected":false},"excerpt":{"rendered":"<p>O prefeito de Macei\u00f3 JHC (PSB) anunciou na tarde desta quarta-feira (10) um pacote emergencial para ajudar os empres\u00e1rios prejudicados pela imposi\u00e7\u00e3o de funcionamento em hor\u00e1rio reduzido, medida estabelecida em decreto estadual para conter o avan\u00e7o do coronav\u00edrus. Em uma publica\u00e7\u00e3o nas redes sociais, o prefeito disse que as medidas devem beneficiar, principalmente, donos de &hellip;<\/p>\n","protected":false},"author":1,"featured_media":13660,"comment_status":"closed","ping_status":"closed","sticky":false,"template":"","format":"standard","meta":{"_jetpack_newsletter_access":"","_jetpack_dont_email_post_to_subs":false,"_jetpack_newsletter_tier_id":0,"_jetpack_memberships_contains_paywalled_content":false,"_jetpack_memberships_contains_paid_content":false,"footnotes":""},"categories":[1],"tags":[],"class_list":["post-13659","post","type-post","status-publish","format-standard","has-post-thumbnail","hentry","category-destaque"],"jetpack_sharing_enabled":true,"jetpack_featured_media_url":"","_links":{"self":[{"href":"https:\/\/www.oparanews.com.br\/index.php\/wp-json\/wp\/v2\/posts\/13659","targetHints":{"allow":["GET"]}}],"collection":[{"href":"https:\/\/www.oparanews.com.br\/index.php\/wp-json\/wp\/v2\/posts"}],"about":[{"href":"https:\/\/www.oparanews.com.br\/index.php\/wp-json\/wp\/v2\/types\/post"}],"author":[{"embeddable":true,"href":"https:\/\/www.oparanews.com.br\/index.php\/wp-json\/wp\/v2\/users\/1"}],"replies":[{"embeddable":true,"href":"https:\/\/www.oparanews.com.br\/index.php\/wp-json\/wp\/v2\/comments?post=13659"}],"version-history":[{"count":0,"href":"https:\/\/www.oparanews.com.br\/index.php\/wp-json\/wp\/v2\/posts\/13659\/revisions"}],"wp:attachment":[{"href":"https:\/\/www.oparanews.com.br\/index.php\/wp-json\/wp\/v2\/media?parent=13659"}],"wp:term":[{"taxonomy":"category","embeddable":true,"href":"https:\/\/www.oparanews.com.br\/index.php\/wp-json\/wp\/v2\/categories?post=13659"},{"taxonomy":"post_tag","embeddable":true,"href":"https:\/\/www.oparanews.com.br\/index.php\/wp-json\/wp\/v2\/tags?post=13659"}],"curies":[{"name":"wp","href":"https:\/\/api.w.org\/{rel}","templated":true}]}}