{"id":13662,"date":"2021-03-11T00:18:18","date_gmt":"2021-03-11T00:18:18","guid":{"rendered":"https:\/\/oparanews.com.br\/?p=13662"},"modified":"2021-03-11T00:18:18","modified_gmt":"2021-03-11T00:18:18","slug":"saude-de-penedo-orienta-populacao-sobre-fase-laranja-de-medidas-contra-covid-19","status":"publish","type":"post","link":"https:\/\/www.oparanews.com.br\/index.php\/2021\/03\/11\/saude-de-penedo-orienta-populacao-sobre-fase-laranja-de-medidas-contra-covid-19\/","title":{"rendered":"Sa\u00fade de Penedo orienta popula\u00e7\u00e3o sobre fase laranja de medidas contra Covid-19"},"content":{"rendered":"<p>A Prefeitura de Penedo, por meio da Secretaria Municipal de Sa\u00fade (SEMS), intensifica as a\u00e7\u00f5es relacionadas ao cumprimento do decreto estadual, que coloca o munic\u00edpio novamente na Fase Laranja, medidas sancionadas por meio de Portaria Municipal.<\/p>\n<p>As novas restri\u00e7\u00f5es contidas na Portaria Conjunta n\u00ba 001\/2021, das secretarias municipais de Sa\u00fade, Desenvolvimento Econ\u00f4mico e Turismo e Abastecimento e Desenvolvimento Agr\u00e1rio foram motivadas devido aos leitos cl\u00ednicos e de UTI para Covid-19 ofertados pela Santa Casa de Penedo terem alcan\u00e7ado 90% ocupa\u00e7\u00e3o.<\/p>\n<p>De acordo com Maciel Oliveira, Diretor de Especialidades M\u00e9dicas da SEMS Penedo, os propriet\u00e1rios de estabelecimentos j\u00e1 foram orientados acerca das medidas restritivas em vigor.<\/p>\n<p>Com isso, a fiscaliza\u00e7\u00e3o por parte \u00f3rg\u00e3os municipais, com o apoio do 11\u00ba Batalh\u00e3o de Pol\u00edcia Militar, passar\u00e1 a adotar medidas administrativas, como notifica\u00e7\u00e3o, multa e at\u00e9 mesmo embargo dos locais que insistirem em n\u00e3o cumprir a lei.<\/p>\n<p>\u201cEstamos muito preocupados com o aumento de n\u00famero de atendimentos relacionados \u00e0 Covid-19. Antes ocorriam 8 ou 9 por dia , hoje s\u00e3o mais de 100, apenas na Unidade de Refer\u00eancia em S\u00edndromes Gripais. A quantidade de paciente monitorados, que s\u00e3o aqueles com mais probabilidade de terem Covid-19 tamb\u00e9m aumentou. As pessoas n\u00e3o podem mais dizer que n\u00e3o tem informa\u00e7\u00e3o sobre a doen\u00e7a, pois o tema \u00e9 abordado constantemente\u201d, destacou o Diretor de Especialidades M\u00e9dicas.<\/p>\n<p><strong>Restri\u00e7\u00f5es<\/strong><\/p>\n<p>Entre as restri\u00e7\u00f5es impostas pela Fase Laranja do Protocolo de Distanciamento Social, est\u00e1 a redu\u00e7\u00e3o da quantidade de passageiros dos transportes coletivos municipais, que passa a funcionar com 50% de sua capacidade, incluindo o transporte fluvial.<\/p>\n<p>O com\u00e9rcio local passa a funcionar de segunda a sexta-feira, das 8h30 \u00e0s 17h e aos s\u00e1bados, das 8h \u00e0s 14 horas.<\/p>\n<p>Na \u00e1rea da sa\u00fade, est\u00e3o suspensas as cirurgias eletivas, com redu\u00e7\u00e3o de 50% n\u00famero de pacientes consultados, assim como a realiza\u00e7\u00e3o de exames laboratoriais .<\/p>\n<p>Bares, restaurantes, lanchonetes, churrasquinhos, e similares funcionam com 50% da capacidade, de segunda a sexta-feira, no hor\u00e1rio das 6h \u00e0s 20h.<\/p>\n<p>J\u00e1 as feiras livres de Penedo ser\u00e3o redimensionadas pela SEMADA (Secretaria Municipal de Abastecimento e Desenvolvimento Agr\u00edcola) para adequa\u00e7\u00e3o ao distanciamento social e proibi\u00e7\u00e3o de aglomera\u00e7\u00f5es.<\/p>\n<p>De acordo com Maciel Oliveira, a SEMS Penedo conversou com os representantes das ag\u00eancias bancarias de Penedo e solicitou a resolu\u00e7\u00e3o do problema da aglomera\u00e7\u00e3o de pessoas na frente dessas.<\/p>\n<p>Esses locais ser\u00e3o tamb\u00e9m objeto de fiscaliza\u00e7\u00f5es, sobre o cumprimento da determina\u00e7\u00e3o tamb\u00e9m contida na Portaria Conjunta n\u00ba 001\/2021 e no Decreto Estadual que colocou Penedo na Fase Laranja do Protocolo de Distanciamento Social.<\/p>\n<p>&nbsp;<\/p>\n<p><strong>por Thiago Sobral \u2013 Jornalista Decom PMP<\/strong><\/p>\n<p>&nbsp;<\/p>\n","protected":false},"excerpt":{"rendered":"<p>A Prefeitura de Penedo, por meio da Secretaria Municipal de Sa\u00fade (SEMS), intensifica as a\u00e7\u00f5es relacionadas ao cumprimento do decreto estadual, que coloca o munic\u00edpio novamente na Fase Laranja, medidas sancionadas por meio de Portaria Municipal. As novas restri\u00e7\u00f5es contidas na Portaria Conjunta n\u00ba 001\/2021, das secretarias municipais de Sa\u00fade, Desenvolvimento Econ\u00f4mico e Turismo e &hellip;<\/p>\n","protected":false},"author":1,"featured_media":13663,"comment_status":"closed","ping_status":"closed","sticky":false,"template":"","format":"standard","meta":{"_jetpack_newsletter_access":"","_jetpack_dont_email_post_to_subs":false,"_jetpack_newsletter_tier_id":0,"_jetpack_memberships_contains_paywalled_content":false,"_jetpack_memberships_contains_paid_content":false,"footnotes":""},"categories":[1],"tags":[],"class_list":["post-13662","post","type-post","status-publish","format-standard","has-post-thumbnail","hentry","category-destaque"],"jetpack_sharing_enabled":true,"jetpack_featured_media_url":"","_links":{"self":[{"href":"https:\/\/www.oparanews.com.br\/index.php\/wp-json\/wp\/v2\/posts\/13662","targetHints":{"allow":["GET"]}}],"collection":[{"href":"https:\/\/www.oparanews.com.br\/index.php\/wp-json\/wp\/v2\/posts"}],"about":[{"href":"https:\/\/www.oparanews.com.br\/index.php\/wp-json\/wp\/v2\/types\/post"}],"author":[{"embeddable":true,"href":"https:\/\/www.oparanews.com.br\/index.php\/wp-json\/wp\/v2\/users\/1"}],"replies":[{"embeddable":true,"href":"https:\/\/www.oparanews.com.br\/index.php\/wp-json\/wp\/v2\/comments?post=13662"}],"version-history":[{"count":0,"href":"https:\/\/www.oparanews.com.br\/index.php\/wp-json\/wp\/v2\/posts\/13662\/revisions"}],"wp:attachment":[{"href":"https:\/\/www.oparanews.com.br\/index.php\/wp-json\/wp\/v2\/media?parent=13662"}],"wp:term":[{"taxonomy":"category","embeddable":true,"href":"https:\/\/www.oparanews.com.br\/index.php\/wp-json\/wp\/v2\/categories?post=13662"},{"taxonomy":"post_tag","embeddable":true,"href":"https:\/\/www.oparanews.com.br\/index.php\/wp-json\/wp\/v2\/tags?post=13662"}],"curies":[{"name":"wp","href":"https:\/\/api.w.org\/{rel}","templated":true}]}}