{"id":13668,"date":"2021-03-11T01:16:24","date_gmt":"2021-03-11T01:16:24","guid":{"rendered":"https:\/\/oparanews.com.br\/?p=13668"},"modified":"2021-03-11T01:16:24","modified_gmt":"2021-03-11T01:16:24","slug":"brasil-tem-mais-de-22-mil-mortes-em-24h-e-bate-novo-recorde","status":"publish","type":"post","link":"https:\/\/www.oparanews.com.br\/index.php\/2021\/03\/11\/brasil-tem-mais-de-22-mil-mortes-em-24h-e-bate-novo-recorde\/","title":{"rendered":"Brasil tem mais de 2,2 mil mortes em 24h e bate novo recorde"},"content":{"rendered":"<p>O Brasil registrou nesta quarta-feira (10) o maior n\u00famero de mortes notificadas em um per\u00edodo de 24 horas desde o in\u00edcio da pandemia do novo coronav\u00edrus Sars-CoV-2, em mar\u00e7o de 2020.<\/p>\n<p>Segundo boletim do Conselho Nacional de Secret\u00e1rios de Sa\u00fade (Conass), foram confirmados 2.286 \u00f3bitos em um dia, elevando o n\u00famero total de v\u00edtimas para 270.656. Dessa forma, a m\u00e9dia m\u00f3vel &#8211; calculo que estabelece a m\u00e9dia de \u00f3bitos dos \u00faltimos sete dias no Pa\u00eds &#8211; chegou a 1.626.<\/p>\n<p>Esta \u00e9 a primeira vez que a na\u00e7\u00e3o ultrapassa a marca di\u00e1ria de 2 mil mortes. O \u00faltimo recorde havia sido batido ontem (9), quando 1.972 pessoas perderam a vida em decorr\u00eancia da emerg\u00eancia sanit\u00e1ria.<\/p>\n<p>O cons\u00f3rcio de imprensa formado por Estad\u00e3o, G1, O Globo, Extra, Folha e UOL levantou, junto \u00e0s secretarias estaduais de Sa\u00fade, 2.349 mortes e 80.955 casos nas \u00faltimas 24 horas. Ao todo, os ve\u00edculos de imprensa registraram 270.917 mortes e 11.205.972 infec\u00e7\u00f5es pelo novo coronav\u00edrus.<\/p>\n<p>Os estados de S\u00e3o Paulo (62.570), Rio de Janeiro (33.893) e Minas Gerais (19.824) s\u00e3o os mais afetados em n\u00fameros absolutos de mortes.<\/p>\n<p>No ranking mundial, por sua vez, o Brasil tem a segunda maior contagem, atr\u00e1s somente dos Estados Unidos (528.603).<\/p>\n<p>Em rela\u00e7\u00e3o aos cont\u00e1gios, o Pa\u00eds contabiliza 11.202.305 infec\u00e7\u00f5es por covid-19, com um acr\u00e9scimo de mais 79.876 diagnosticados positivos. A m\u00e9dia m\u00f3vel de casos continua subindo e est\u00e1 em 69.096.<\/p>\n<p>A taxa de letalidade, por sua vez, est\u00e1 mantida em 2,4%, mas a de mortalidade subiu para 128,8 para cada 100 mil habitantes.<\/p>\n<p>A crise sanit\u00e1ria vive seu pior momento no territ\u00f3rio brasileiro. Desde o dia 20 de janeiro, s\u00e3o registrados mais de mil \u00f3bitos por dia e a ocupa\u00e7\u00e3o de unidades de terapia intensiva para covid-19 no Sistema \u00danico de Sa\u00fade (SUS) est\u00e1 em &#8220;situa\u00e7\u00e3o extremamente cr\u00edtica&#8221;, com 15 capitais superando os 90 %, de acordo com a Funda\u00e7\u00e3o Oswaldo Cruz (Fiocruz).<\/p>\n<p>&nbsp;<\/p>\n<p><strong>Com informa\u00e7\u00f5es da Ansa e do Estad\u00e3o Conte\u00fado<\/strong><\/p>\n<p>&nbsp;<\/p>\n","protected":false},"excerpt":{"rendered":"<p>O Brasil registrou nesta quarta-feira (10) o maior n\u00famero de mortes notificadas em um per\u00edodo de 24 horas desde o in\u00edcio da pandemia do novo coronav\u00edrus Sars-CoV-2, em mar\u00e7o de 2020. Segundo boletim do Conselho Nacional de Secret\u00e1rios de Sa\u00fade (Conass), foram confirmados 2.286 \u00f3bitos em um dia, elevando o n\u00famero total de v\u00edtimas para &hellip;<\/p>\n","protected":false},"author":1,"featured_media":13669,"comment_status":"closed","ping_status":"closed","sticky":false,"template":"","format":"standard","meta":{"_jetpack_newsletter_access":"","_jetpack_dont_email_post_to_subs":false,"_jetpack_newsletter_tier_id":0,"_jetpack_memberships_contains_paywalled_content":false,"_jetpack_memberships_contains_paid_content":false,"footnotes":""},"categories":[1],"tags":[],"class_list":["post-13668","post","type-post","status-publish","format-standard","has-post-thumbnail","hentry","category-destaque"],"jetpack_sharing_enabled":true,"jetpack_featured_media_url":"","_links":{"self":[{"href":"https:\/\/www.oparanews.com.br\/index.php\/wp-json\/wp\/v2\/posts\/13668","targetHints":{"allow":["GET"]}}],"collection":[{"href":"https:\/\/www.oparanews.com.br\/index.php\/wp-json\/wp\/v2\/posts"}],"about":[{"href":"https:\/\/www.oparanews.com.br\/index.php\/wp-json\/wp\/v2\/types\/post"}],"author":[{"embeddable":true,"href":"https:\/\/www.oparanews.com.br\/index.php\/wp-json\/wp\/v2\/users\/1"}],"replies":[{"embeddable":true,"href":"https:\/\/www.oparanews.com.br\/index.php\/wp-json\/wp\/v2\/comments?post=13668"}],"version-history":[{"count":0,"href":"https:\/\/www.oparanews.com.br\/index.php\/wp-json\/wp\/v2\/posts\/13668\/revisions"}],"wp:attachment":[{"href":"https:\/\/www.oparanews.com.br\/index.php\/wp-json\/wp\/v2\/media?parent=13668"}],"wp:term":[{"taxonomy":"category","embeddable":true,"href":"https:\/\/www.oparanews.com.br\/index.php\/wp-json\/wp\/v2\/categories?post=13668"},{"taxonomy":"post_tag","embeddable":true,"href":"https:\/\/www.oparanews.com.br\/index.php\/wp-json\/wp\/v2\/tags?post=13668"}],"curies":[{"name":"wp","href":"https:\/\/api.w.org\/{rel}","templated":true}]}}