{"id":13682,"date":"2021-03-11T12:17:08","date_gmt":"2021-03-11T12:17:08","guid":{"rendered":"https:\/\/oparanews.com.br\/?p=13682"},"modified":"2021-03-11T12:17:08","modified_gmt":"2021-03-11T12:17:08","slug":"diretor-de-escola-da-prefeitura-de-penedo-pode-ser-o-proximo-gestor-da-9a-gere","status":"publish","type":"post","link":"https:\/\/www.oparanews.com.br\/index.php\/2021\/03\/11\/diretor-de-escola-da-prefeitura-de-penedo-pode-ser-o-proximo-gestor-da-9a-gere\/","title":{"rendered":"Diretor de escola da Prefeitura de Penedo pode ser o pr\u00f3ximo gestor da 9\u00aa GERE"},"content":{"rendered":"<p>A Escola Paulo VI \u00e9 parte da rede da Secretaria Municipal de Educa\u00e7\u00e3o (SEMED) e alcan\u00e7ou \u00f3timos resultados no \u00cdndice de Desenvolvimento da Educa\u00e7\u00e3o B\u00e1sica (IDEB), desde 2017, ultrapassando as metas estabelecidas para 2019.<\/p>\n<p>A unidade de ensino localizada na comunidade Cooperativa 2\u00ba N\u00facleo, zona rural de Penedo, oferta vagas do maternal ao Ensino Fundamental e tem se destacado positivamente.<\/p>\n<p>As turmas do 1\u00ba ao 4\u00ba ano \u2013 o antigo prim\u00e1rio \u2013 da Paulo VI alcan\u00e7aram nota 6,2 (a meta era 6) no IDEB 2019. Nos anos finais, do 5\u00ba ao 9\u00ba ano, s\u00e9ries que antes eram identificadas como ginasial ou 1\u00ba Grau, conquistaram 5,2 para a meta de 5,0.<\/p>\n<p>O sucesso no processo de ensino e aprendizagem habilitou o pedagogo Nilton do Nascimento, diretor da Escola Paulo VI, ao processo de sele\u00e7\u00e3o para coordenador da 9\u00aa Ger\u00eancia Regional de Educa\u00e7\u00e3o (GERE).<\/p>\n<p>Por determina\u00e7\u00e3o do governador Renan Filho, o setor vinculado \u00e0 Secretaria de Estado da Educa\u00e7\u00e3o adotou o crit\u00e9rio de melhor \u00edndice no IDEB das escolas p\u00fablicas, inclusive municipais, para inclus\u00e3o no processo que prev\u00ea ainda an\u00e1lise curricular e testes avaliativos.<\/p>\n<p>\u201cEu s\u00f3 tenho a agradecer a todos que confiaram em nosso trabalho na Escola Paulo VI e aos parceiros de trabalho, equipe administrativa, professores, pessoal dos servi\u00e7os gerais, da cozinha ao porteiro, porque o IDEB \u00e9 feito com a participa\u00e7\u00e3o de toda comunidade escolar\u201d, ressalta o professor Nilton, como \u00e9 conhecido.<\/p>\n<p>Caso venha a ser o pr\u00f3ximo gestor da 9\u00aa GERE, o diretor da escola da SEMED Penedo implantar\u00e1 o mesmo sistema de trabalho.<\/p>\n<p>\u201cEu gosto de atuar em equipe, ouvindo propostas, e isso faz com que o nosso trabalho se torne mais agrad\u00e1vel e colaborativo\u2019, afirma o diretor da Escola Municipal Paulo VI.<\/p>\n<p>\u201cA educa\u00e7\u00e3o ofertada pela Prefeitura de Penedo est\u00e1 se destacando em todas vertentes, avan\u00e7os direcionados para nossos estudantes e que tamb\u00e9m se estendem aos nossos docentes, como \u00e9 o caso do diretor Nilton\u201d, explica a Secret\u00e1ria Municipal de Educa\u00e7\u00e3o, C\u00edntya Alves.<\/p>\n<p>A gestora da SEMED Penedo destaca ainda que \u201ca possibilidade de um dos nossos diretores ser tornar o pr\u00f3ximo gerente da 9\u00aa GERE coroa ainda a atua\u00e7\u00e3o de todos os gestores das escolas da SEMED que se dedicam, sem medir esfor\u00e7os, para que possamos continuar no caminho do desenvolvimento\u201d, destaca a Secret\u00e1ria C\u00edntya Alves.<\/p>\n<p>&nbsp;<\/p>\n<p><strong>por Fernando Vin\u00edcius \u2013 Decom PMP<\/strong><\/p>\n<p>&nbsp;<\/p>\n","protected":false},"excerpt":{"rendered":"<p>A Escola Paulo VI \u00e9 parte da rede da Secretaria Municipal de Educa\u00e7\u00e3o (SEMED) e alcan\u00e7ou \u00f3timos resultados no \u00cdndice de Desenvolvimento da Educa\u00e7\u00e3o B\u00e1sica (IDEB), desde 2017, ultrapassando as metas estabelecidas para 2019. A unidade de ensino localizada na comunidade Cooperativa 2\u00ba N\u00facleo, zona rural de Penedo, oferta vagas do maternal ao Ensino Fundamental &hellip;<\/p>\n","protected":false},"author":1,"featured_media":13683,"comment_status":"closed","ping_status":"closed","sticky":false,"template":"","format":"standard","meta":{"_jetpack_newsletter_access":"","_jetpack_dont_email_post_to_subs":false,"_jetpack_newsletter_tier_id":0,"_jetpack_memberships_contains_paywalled_content":false,"_jetpack_memberships_contains_paid_content":false,"footnotes":""},"categories":[1],"tags":[],"class_list":["post-13682","post","type-post","status-publish","format-standard","has-post-thumbnail","hentry","category-destaque"],"jetpack_sharing_enabled":true,"jetpack_featured_media_url":"","_links":{"self":[{"href":"https:\/\/www.oparanews.com.br\/index.php\/wp-json\/wp\/v2\/posts\/13682","targetHints":{"allow":["GET"]}}],"collection":[{"href":"https:\/\/www.oparanews.com.br\/index.php\/wp-json\/wp\/v2\/posts"}],"about":[{"href":"https:\/\/www.oparanews.com.br\/index.php\/wp-json\/wp\/v2\/types\/post"}],"author":[{"embeddable":true,"href":"https:\/\/www.oparanews.com.br\/index.php\/wp-json\/wp\/v2\/users\/1"}],"replies":[{"embeddable":true,"href":"https:\/\/www.oparanews.com.br\/index.php\/wp-json\/wp\/v2\/comments?post=13682"}],"version-history":[{"count":0,"href":"https:\/\/www.oparanews.com.br\/index.php\/wp-json\/wp\/v2\/posts\/13682\/revisions"}],"wp:attachment":[{"href":"https:\/\/www.oparanews.com.br\/index.php\/wp-json\/wp\/v2\/media?parent=13682"}],"wp:term":[{"taxonomy":"category","embeddable":true,"href":"https:\/\/www.oparanews.com.br\/index.php\/wp-json\/wp\/v2\/categories?post=13682"},{"taxonomy":"post_tag","embeddable":true,"href":"https:\/\/www.oparanews.com.br\/index.php\/wp-json\/wp\/v2\/tags?post=13682"}],"curies":[{"name":"wp","href":"https:\/\/api.w.org\/{rel}","templated":true}]}}