{"id":13685,"date":"2021-03-11T18:47:43","date_gmt":"2021-03-11T18:47:43","guid":{"rendered":"https:\/\/oparanews.com.br\/?p=13685"},"modified":"2021-03-11T18:47:43","modified_gmt":"2021-03-11T18:47:43","slug":"turista-francesa-e-estuprada-na-frente-do-marido-em-praia-de-maceio","status":"publish","type":"post","link":"https:\/\/www.oparanews.com.br\/index.php\/2021\/03\/11\/turista-francesa-e-estuprada-na-frente-do-marido-em-praia-de-maceio\/","title":{"rendered":"Turista francesa \u00e9 estuprada na frente do marido em praia de Macei\u00f3"},"content":{"rendered":"<p>Uma turista francesa foi estuprada por um homem armado na frente do marido na praia de Guaxuma, em Macei\u00f3, na quarta-feira (10). Ela prestou depoimento nesta quinta (11) no 6\u00ba Distrito Policial.<\/p>\n<p>O delegado Robervaldo Davino informou ao G1 que ela descreveu o criminoso como um homem de cerca de 1,70 m e forte.<\/p>\n<p>O crime aconteceu por volta das 18 horas. A v\u00edtima e o marido, que \u00e9 natural de Minas Gerais, estavam na praia quando o criminoso se aproximou, rendeu os dois e a violentou na areia mesmo. A turista recebeu atendimento m\u00e9dico no Hospital Escola Dr. Helvio Auto.<\/p>\n<p>&#8220;Ela tomou os medicamentos necess\u00e1rios nesses casos de viol\u00eancia sexual e veio prestar depoimento hoje. O marido est\u00e1 auxiliando porque ela n\u00e3o entende muito bem portugu\u00eas&#8221;, disse o delegado.<\/p>\n<p>Ap\u00f3s os primeiros levantamentos pelo 6\u00ba DP, que atende a \u00e1rea onde o crime aconteceu, o caso vai ser encaminhado para a Delegacia da Mulher, que ficar\u00e1 respons\u00e1vel pela investiga\u00e7\u00e3o do caso.<\/p>\n<p>&nbsp;<\/p>\n<p><strong>Fonte: G1\/AL<\/strong><\/p>\n<p>&nbsp;<\/p>\n","protected":false},"excerpt":{"rendered":"<p>Uma turista francesa foi estuprada por um homem armado na frente do marido na praia de Guaxuma, em Macei\u00f3, na quarta-feira (10). Ela prestou depoimento nesta quinta (11) no 6\u00ba Distrito Policial. O delegado Robervaldo Davino informou ao G1 que ela descreveu o criminoso como um homem de cerca de 1,70 m e forte. O &hellip;<\/p>\n","protected":false},"author":1,"featured_media":13686,"comment_status":"closed","ping_status":"closed","sticky":false,"template":"","format":"standard","meta":{"_jetpack_newsletter_access":"","_jetpack_dont_email_post_to_subs":false,"_jetpack_newsletter_tier_id":0,"_jetpack_memberships_contains_paywalled_content":false,"_jetpack_memberships_contains_paid_content":false,"footnotes":""},"categories":[1],"tags":[],"class_list":["post-13685","post","type-post","status-publish","format-standard","has-post-thumbnail","hentry","category-destaque"],"jetpack_sharing_enabled":true,"jetpack_featured_media_url":"","_links":{"self":[{"href":"https:\/\/www.oparanews.com.br\/index.php\/wp-json\/wp\/v2\/posts\/13685","targetHints":{"allow":["GET"]}}],"collection":[{"href":"https:\/\/www.oparanews.com.br\/index.php\/wp-json\/wp\/v2\/posts"}],"about":[{"href":"https:\/\/www.oparanews.com.br\/index.php\/wp-json\/wp\/v2\/types\/post"}],"author":[{"embeddable":true,"href":"https:\/\/www.oparanews.com.br\/index.php\/wp-json\/wp\/v2\/users\/1"}],"replies":[{"embeddable":true,"href":"https:\/\/www.oparanews.com.br\/index.php\/wp-json\/wp\/v2\/comments?post=13685"}],"version-history":[{"count":0,"href":"https:\/\/www.oparanews.com.br\/index.php\/wp-json\/wp\/v2\/posts\/13685\/revisions"}],"wp:attachment":[{"href":"https:\/\/www.oparanews.com.br\/index.php\/wp-json\/wp\/v2\/media?parent=13685"}],"wp:term":[{"taxonomy":"category","embeddable":true,"href":"https:\/\/www.oparanews.com.br\/index.php\/wp-json\/wp\/v2\/categories?post=13685"},{"taxonomy":"post_tag","embeddable":true,"href":"https:\/\/www.oparanews.com.br\/index.php\/wp-json\/wp\/v2\/tags?post=13685"}],"curies":[{"name":"wp","href":"https:\/\/api.w.org\/{rel}","templated":true}]}}