{"id":13688,"date":"2021-03-11T18:51:37","date_gmt":"2021-03-11T18:51:37","guid":{"rendered":"https:\/\/oparanews.com.br\/?p=13688"},"modified":"2021-03-11T18:51:37","modified_gmt":"2021-03-11T18:51:37","slug":"educacao-de-penedo-conclui-formacoes-no-inicio-do-ano-letivo","status":"publish","type":"post","link":"https:\/\/www.oparanews.com.br\/index.php\/2021\/03\/11\/educacao-de-penedo-conclui-formacoes-no-inicio-do-ano-letivo\/","title":{"rendered":"Educa\u00e7\u00e3o de Penedo conclui forma\u00e7\u00f5es no in\u00edcio do ano letivo"},"content":{"rendered":"<p>A Secretaria Municipal de Educa\u00e7\u00e3o (SEMED) da Prefeitura de Penedo conclui o ciclo de forma\u00e7\u00f5es realizadas desde o dia 1\u00ba de mar\u00e7o, com o objetivo de preparar os profissionais da \u00e1rea para os desafios do ensino remoto e o ano letivo 2021.<\/p>\n<p>Com isso, os profissionais participam de uma forma\u00e7\u00e3o continuada com o material Acerta Brasil para gestores municipais e articuladores e coordenadores de apoio pedag\u00f3gico.<\/p>\n<p>A capacita\u00e7\u00e3o tem sua conclus\u00e3o na tarde desta quinta-feira (11), com o tema: Intera\u00e7\u00f5es e Brincadeiras, al\u00e9m da implanta\u00e7\u00e3o da cole\u00e7\u00e3o Descobrir e Aprender, para a Educa\u00e7\u00e3o Infantil.<\/p>\n<p>A capacita\u00e7\u00e3o ocorre de forma on-line, sendo a \u00faltima de uma sequ\u00eancia de forma\u00e7\u00f5es, onde foram apresentados os materiais pedag\u00f3gicos das duas editoras envolvidas, \u00c1tica e IPHD.<\/p>\n<p><strong>Capacita\u00e7\u00f5es<\/strong><\/p>\n<p>O aprendizado ocorreu nos primeiros dez dias do ano letivo, tendo in\u00edcio em 1\u00ba de mar\u00e7o. Participaram professores, diretores, coordenadores e articuladores da SEMED Penedo.<\/p>\n<p>Durante os encontros foram abordados diversos temas relacionados com o processo ensino- aprendizagem, al\u00e9m da import\u00e2ncia do entendimento da situa\u00e7\u00e3o vivida atualmente, originada a partir do in\u00edcio da pandemia de COvid-19, em mar\u00e7o de 2020.<\/p>\n<p>Dessa forma os profissionais de educa\u00e7\u00e3o da SEMED Penedo foram treinados sobre como lidar com esse momento, de suspens\u00e3o das aulas presenciais e como ministrar as aulas, dentro desse contexto.<\/p>\n<p>\u201cEssas forma\u00e7\u00f5es, entre outros pontos, possibilitam que diretores, coordenadores, articuladores e professores identifiquem quais s\u00e3o as principais dificuldades de aprendizado dos alunos. Tamb\u00e9m permite que eles criem formas de contornar a situa\u00e7\u00e3o dif\u00edcil que passamos com muita criatividade e dinamismo. \u00c9 momento de uni\u00e3o em prol dos nossos estudantes. Agrade\u00e7o as editoras parceiras, toda equipe da SEMED Penedo e ao Prefeito Ronaldo Lopes, sempre atencioso e presente nas a\u00e7\u00f5es da secretaria\u201d, destacou a Secret\u00e1ria Municipal de Educa\u00e7\u00e3o Cintya Alves.<\/p>\n<p>&nbsp;<\/p>\n<p><strong>Fonte: Decom &#8211; PMP<\/strong><\/p>\n<p>&nbsp;<\/p>\n","protected":false},"excerpt":{"rendered":"<p>A Secretaria Municipal de Educa\u00e7\u00e3o (SEMED) da Prefeitura de Penedo conclui o ciclo de forma\u00e7\u00f5es realizadas desde o dia 1\u00ba de mar\u00e7o, com o objetivo de preparar os profissionais da \u00e1rea para os desafios do ensino remoto e o ano letivo 2021. Com isso, os profissionais participam de uma forma\u00e7\u00e3o continuada com o material Acerta &hellip;<\/p>\n","protected":false},"author":1,"featured_media":13689,"comment_status":"closed","ping_status":"closed","sticky":false,"template":"","format":"standard","meta":{"_jetpack_newsletter_access":"","_jetpack_dont_email_post_to_subs":false,"_jetpack_newsletter_tier_id":0,"_jetpack_memberships_contains_paywalled_content":false,"_jetpack_memberships_contains_paid_content":false,"footnotes":""},"categories":[1],"tags":[],"class_list":["post-13688","post","type-post","status-publish","format-standard","has-post-thumbnail","hentry","category-destaque"],"jetpack_sharing_enabled":true,"jetpack_featured_media_url":"","_links":{"self":[{"href":"https:\/\/www.oparanews.com.br\/index.php\/wp-json\/wp\/v2\/posts\/13688","targetHints":{"allow":["GET"]}}],"collection":[{"href":"https:\/\/www.oparanews.com.br\/index.php\/wp-json\/wp\/v2\/posts"}],"about":[{"href":"https:\/\/www.oparanews.com.br\/index.php\/wp-json\/wp\/v2\/types\/post"}],"author":[{"embeddable":true,"href":"https:\/\/www.oparanews.com.br\/index.php\/wp-json\/wp\/v2\/users\/1"}],"replies":[{"embeddable":true,"href":"https:\/\/www.oparanews.com.br\/index.php\/wp-json\/wp\/v2\/comments?post=13688"}],"version-history":[{"count":0,"href":"https:\/\/www.oparanews.com.br\/index.php\/wp-json\/wp\/v2\/posts\/13688\/revisions"}],"wp:attachment":[{"href":"https:\/\/www.oparanews.com.br\/index.php\/wp-json\/wp\/v2\/media?parent=13688"}],"wp:term":[{"taxonomy":"category","embeddable":true,"href":"https:\/\/www.oparanews.com.br\/index.php\/wp-json\/wp\/v2\/categories?post=13688"},{"taxonomy":"post_tag","embeddable":true,"href":"https:\/\/www.oparanews.com.br\/index.php\/wp-json\/wp\/v2\/tags?post=13688"}],"curies":[{"name":"wp","href":"https:\/\/api.w.org\/{rel}","templated":true}]}}