{"id":13691,"date":"2021-03-11T19:00:18","date_gmt":"2021-03-11T19:00:18","guid":{"rendered":"https:\/\/oparanews.com.br\/?p=13691"},"modified":"2021-03-11T19:00:18","modified_gmt":"2021-03-11T19:00:18","slug":"sao-paulo-interrompe-por-15-dias-o-paulistao","status":"publish","type":"post","link":"https:\/\/www.oparanews.com.br\/index.php\/2021\/03\/11\/sao-paulo-interrompe-por-15-dias-o-paulistao\/","title":{"rendered":"S\u00e3o Paulo interrompe por 15 dias o Paulist\u00e3o"},"content":{"rendered":"<p>O Governo do Estado de S\u00e3o Paulo anunciou nesta quinta-feira a paralisa\u00e7\u00e3o das atividades esportivas, incluindo o Campeonato Paulista, por duas semanas, de 15 a 30 de mar\u00e7o.<\/p>\n<p>A decis\u00e3o contraria a Federa\u00e7\u00e3o Paulista de Futebol, que havia se manifestado favor\u00e1vel \u00e0 continua\u00e7\u00e3o do campeonato. Os clubes da primeira divis\u00e3o v\u00e3o se reunir \u00e0s 15h desta quinta para debater os pr\u00f3ximos passos, o que inclui a possibilidade de jogar em outros Estados. A Federa\u00e7\u00e3o vai se pronunciar depois disso.<\/p>\n<p>O an\u00fancio da paralisa\u00e7\u00e3o foi feito pelo governador Jo\u00e3o Doria (PSDB) e sua equipe de governo em entrevista coletiva no come\u00e7o da tarde, como parte de uma s\u00e9rie de medidas, que inclui toque de recolher das 20h \u00e0s 5h.<\/p>\n<p>Est\u00e1 mantido o jogo desta noite, entre Palmeiras e S\u00e3o Caetano, assim como a rodada do pr\u00f3ximo fim de semana.<\/p>\n<p>\u2013 Para este fim de semana, as partidas programadas est\u00e3o preservadas. Ser\u00e1 a partir do dia 15, at\u00e9 o dia 30. Seguiremos em bom di\u00e1logo com a Federa\u00e7\u00e3o Paulista de Futebol. O presidente Reinaldo Bastos (da Federa\u00e7\u00e3o Paulista) \u00e9 uma pessoa de excepcional di\u00e1logo, construtivo nas suas abordagens, e ele ampara bastante bem suas considera\u00e7\u00f5es em um comit\u00ea que o assessora. Continuaremos a dialogar com a Federa\u00e7\u00e3o Paulista de Futebol \u2013 disse Doria.<\/p>\n<p>A inten\u00e7\u00e3o do governo era interromper o Campeonato Paulista j\u00e1 neste s\u00e1bado. Uma conversa entre o Presidente da FPF, Reinaldo Carneiro Bastos, e o governador Jo\u00e3o Doria resultou no adiamento da medida e na permiss\u00e3o para que se dispute a rodada do pr\u00f3ximo fim de semana.<\/p>\n<p>Segundo Jo\u00e3o Medina, do Centro de Conting\u00eancia do Covid-19, a decis\u00e3o de paralisar o futebol foi tomada a pedido do Minist\u00e9rio P\u00fablico Estadual.<\/p>\n<p>\u2013 Estamos em uma fase emergencial. Tem preju\u00edzo para todos os setores. Tem um sofrimento para toda a sociedade, toda a atividade econ\u00f4mica. Em rela\u00e7\u00e3o ao futebol, estamos atendendo a um of\u00edcio, uma recomenda\u00e7\u00e3o do Minist\u00e9rio P\u00fablico Estadual. Isso fugiu da nossa al\u00e7ada \u2013 afirmou Medina.<\/p>\n<p>O Paulist\u00e3o teve disputadas as tr\u00eas primeiras rodadas, de um total de 12, na fase de grupos. A paralisa\u00e7\u00e3o repetir\u00e1 o que aconteceu no ano passado, quando o campeonato parou em 16 de mar\u00e7o, conforme se propagava a pandemia do novo coronav\u00edrus no Brasil. Daquela vez, por\u00e9m, a competi\u00e7\u00e3o s\u00f3 retornou em 22 de julho, mais de quatro meses depois.<\/p>\n<p>No Campeonato Paulista, s\u00e3o impactados 26 jogos: todos da quinta, sexta e s\u00e9tima rodadas, al\u00e9m de duas partidas atrasadas \u2013 Mirassol x Inter de Limeira (15\/03, pela quarta rodada) e S\u00e3o Bento x Palmeiras (17\/03, terceira rodada).<\/p>\n<p>Al\u00e9m do Paulist\u00e3o, est\u00e3o em andamento a Copa do Brasil e a Libertadores da Am\u00e9rica. No per\u00edodo inicial da paralisa\u00e7\u00e3o, est\u00e3o previstos dois jogos pelo torneio nacional no Estado: Mar\u00edlia x Crici\u00fama, dia 17, em Mar\u00edlia, e Mirassol x Red Bull Bragantino, dia 18, em Mirassol.<\/p>\n<p>A CBF foi consultada pelo ge e informou que, se a proibi\u00e7\u00e3o estiver em vigor nas datas de jogos da Copa do Brasil, os clubes paulistas devem procurar outro Estado para mandar suas partidas.<\/p>\n<p>Na \u00faltima quarta-feira, em apresenta\u00e7\u00e3o de relat\u00f3rio sobre medidas de preven\u00e7\u00e3o \u00e0 Covid, o secret\u00e1rio-geral da CBF, Walter Feldman, j\u00e1 havia afirmado que partidas da Copa do Brasil marcadas para estados com restri\u00e7\u00f5es seriam disputadas em locais onde n\u00e3o h\u00e1 proibi\u00e7\u00e3o.<\/p>\n<p>Na Conmebol, a orienta\u00e7\u00e3o \u00e9 que se procure uma cidade de outro Estado ou, se n\u00e3o for poss\u00edvel, de outro pa\u00eds para a realiza\u00e7\u00e3o de jogos em regi\u00f5es onde o futebol esteja proibido.<\/p>\n<p>&nbsp;<\/p>\n<p><strong>Fonte: Decom &#8211; PMP<\/strong><\/p>\n<p>&nbsp;<\/p>\n","protected":false},"excerpt":{"rendered":"<p>O Governo do Estado de S\u00e3o Paulo anunciou nesta quinta-feira a paralisa\u00e7\u00e3o das atividades esportivas, incluindo o Campeonato Paulista, por duas semanas, de 15 a 30 de mar\u00e7o. A decis\u00e3o contraria a Federa\u00e7\u00e3o Paulista de Futebol, que havia se manifestado favor\u00e1vel \u00e0 continua\u00e7\u00e3o do campeonato. Os clubes da primeira divis\u00e3o v\u00e3o se reunir \u00e0s 15h &hellip;<\/p>\n","protected":false},"author":1,"featured_media":13692,"comment_status":"closed","ping_status":"closed","sticky":false,"template":"","format":"standard","meta":{"_jetpack_newsletter_access":"","_jetpack_dont_email_post_to_subs":false,"_jetpack_newsletter_tier_id":0,"_jetpack_memberships_contains_paywalled_content":false,"_jetpack_memberships_contains_paid_content":false,"footnotes":""},"categories":[1],"tags":[],"class_list":["post-13691","post","type-post","status-publish","format-standard","has-post-thumbnail","hentry","category-destaque"],"jetpack_sharing_enabled":true,"jetpack_featured_media_url":"","_links":{"self":[{"href":"https:\/\/www.oparanews.com.br\/index.php\/wp-json\/wp\/v2\/posts\/13691","targetHints":{"allow":["GET"]}}],"collection":[{"href":"https:\/\/www.oparanews.com.br\/index.php\/wp-json\/wp\/v2\/posts"}],"about":[{"href":"https:\/\/www.oparanews.com.br\/index.php\/wp-json\/wp\/v2\/types\/post"}],"author":[{"embeddable":true,"href":"https:\/\/www.oparanews.com.br\/index.php\/wp-json\/wp\/v2\/users\/1"}],"replies":[{"embeddable":true,"href":"https:\/\/www.oparanews.com.br\/index.php\/wp-json\/wp\/v2\/comments?post=13691"}],"version-history":[{"count":0,"href":"https:\/\/www.oparanews.com.br\/index.php\/wp-json\/wp\/v2\/posts\/13691\/revisions"}],"wp:attachment":[{"href":"https:\/\/www.oparanews.com.br\/index.php\/wp-json\/wp\/v2\/media?parent=13691"}],"wp:term":[{"taxonomy":"category","embeddable":true,"href":"https:\/\/www.oparanews.com.br\/index.php\/wp-json\/wp\/v2\/categories?post=13691"},{"taxonomy":"post_tag","embeddable":true,"href":"https:\/\/www.oparanews.com.br\/index.php\/wp-json\/wp\/v2\/tags?post=13691"}],"curies":[{"name":"wp","href":"https:\/\/api.w.org\/{rel}","templated":true}]}}