{"id":13697,"date":"2021-03-11T20:24:40","date_gmt":"2021-03-11T20:24:40","guid":{"rendered":"https:\/\/oparanews.com.br\/?p=13697"},"modified":"2021-03-11T20:24:40","modified_gmt":"2021-03-11T20:24:40","slug":"enfia-no-rabo-gente-diz-eduardo-bolsonaro-sobre-mascara","status":"publish","type":"post","link":"https:\/\/www.oparanews.com.br\/index.php\/2021\/03\/11\/enfia-no-rabo-gente-diz-eduardo-bolsonaro-sobre-mascara\/","title":{"rendered":"&#8220;Enfia no rabo, gente&#8221;, diz Eduardo Bolsonaro sobre m\u00e1scara"},"content":{"rendered":"<p>Visivelmente irritado, o deputado Eduardo Bolsonaro (PSL-SP) mandou a popula\u00e7\u00e3o brasileira enfiar as m\u00e1scaras de prote\u00e7\u00e3o contra a covid-19 &#8220;no rabo&#8221;. Em uma apari\u00e7\u00e3o ao vivo que fez em seu perfil pelo Instagram, o filho &#8220;03&#8221; de Bolsonaro criticou o uso do principal item de prote\u00e7\u00e3o contra a contamina\u00e7\u00e3o do v\u00edrus que, dia ap\u00f3s dia, causa recordes de mortes no Pa\u00eds.<\/p>\n<p>&#8220;Eu acho uma pena, n\u00e9, (que) essa imprensa mequetrefe que a gente tem aqui no Brasil fique dando conta de cobrir apenas a m\u00e1scara. &#8216;Ah a m\u00e1scara, est\u00e1 sem m\u00e1scara, est\u00e1 com m\u00e1scara&#8217;. Enfia no rabo gente, porra! A gente est\u00e1 l\u00e1 trabalhando, ralando&#8221;, afirmou o deputado.<\/p>\n<p>As declara\u00e7\u00f5es de Eduardo foram feitas no dia em que o presidente Jair Bolsonaro mudou o discurso, usou m\u00e1scara e passou a defender as vacinas. Nesta quarta-feira, 10, o Brasil tamb\u00e9m atingiu mais um recorde de mortes: pela primeira vez foram registradas 2.349 mortes por covid-19 em 24 horas.<\/p>\n<p>Em tom agressivo, enquanto seguia em um carro no banco de carona, o deputado comentou, ainda, o caso das &#8220;rachadinhas&#8221; de Fabr\u00edcio Queiroz e a compra de uma mans\u00e3o de R$ 6 milh\u00f5es por seu irm\u00e3o, o senador Fl\u00e1vio Bolsonaro (Republicanos-RJ).<\/p>\n<p>&#8220;Voc\u00ea, retardado mental, que fica falando &#8216;o problema s\u00e3o os filhos, cad\u00ea o Queiroz?&#8217;, pagou o apartamento R$ 50 mil em dinheiro. Seu animal, larga de ser um pe\u00e3o nesse tabuleiro de xadrez chamado pol\u00edtica e come\u00e7a a pensar um pouquinho, ver o perigo que est\u00e1 por vir e ver como o sistema trabalha porque n\u00e3o d\u00e1 ponto sem n\u00f3, n\u00e3o. Fique com Deus e n\u00e3o consuma cacha\u00e7a em excesso igual a uns e outros a\u00ed&#8221;, disse.<\/p>\n<p>Eduardo Bolsonaro tamb\u00e9m afirmou que iria comentar o resultado da viagem que fez com uma comitiva para conhecer o spray contra a covid-19 em testes iniciais em Israel. Na pr\u00e1tica, por\u00e9m, o que acabou dizendo \u00e9 que o Brasil \u00e9 que est\u00e1 desenvolvendo a sua vacina. E n\u00e3o s\u00f3 uma, mas tr\u00eas vacinas pr\u00f3prias.<\/p>\n<p>&#8220;Voc\u00ea sabia que o Brasil est\u00e1 desenvolvendo tr\u00eas vacinas?&#8221;, perguntou. &#8220;A vacina brasileira ainda est\u00e1 em desenvolvimento, n\u00e3o \u00e9 para agora&#8221;, comentou ele, acrescentando que o Brasil ter\u00e1 seu pr\u00f3prio spray e que outros pa\u00edses dever\u00e3o vir ao Pa\u00eds comprar esse produto. Ele n\u00e3o deu nenhum detalhe sobre o que estava falando.<\/p>\n<p>&#8220;\u00c9 importante a gente dominar essa tecnologia e dominar, ter a vacina brasileira. Al\u00e9m disso, isso coloca o Brasil em outro patamar internacional. Ao inv\u00e9s de n\u00f3s irmos atr\u00e1s de outros pa\u00edses, eles \u00e9 que vir\u00e3o atr\u00e1s de n\u00f3s. Pode ser inaugurada uma vacina que n\u00e3o precise mais de insumos de outros pa\u00edses. Os israelenses gostaram muito disso&#8221;, afirmou.<\/p>\n<p>Al\u00e9m do spray definido pelo presidente de &#8220;milagroso&#8221;, que atuaria em conjunto com uma vacina, Eduardo disse que o Brasil tem uma segunda tecnologia em an\u00e1lise, com efeito &#8220;dois em um&#8221;, que curaria covid-19 e influenza. O spray israelense ainda carece de testes cient\u00edficos que comprovem sua efic\u00e1cia.<\/p>\n<p>&#8220;A terceira vacina vai diretamente em seu sistema imunol\u00f3gico. O Brasil est\u00e1 desenvolvendo tecnologia nesta \u00e1rea&#8221;, observou, sem nenhum detalhe, data ou previs\u00e3o de testes.<\/p>\n<p>&#8220;Depois que est\u00e1 a inven\u00e7\u00e3o feita, a\u00ed &#8216;t\u00e1&#8217; o mundo inteiro correndo atr\u00e1s da vacina, o mundo inteiro correndo atr\u00e1s dos insumos&#8230; A\u00ed j\u00e1 era. Isso que a gente foi fazer em Israel \u00e9 \u00e0 semelhan\u00e7a do que ocorreu com a vacina de Oxford. \u00c9 chegar primeiro, chegar no come\u00e7o. Quando est\u00e1vamos saindo de Israel, estava chegando uma delega\u00e7\u00e3o de outro pa\u00eds, da Rep\u00fablica Checa&#8221;, lembrou o deputado. &#8220;J\u00e1 procurou Israel n\u00e3o s\u00f3 a Gr\u00e9cia, mas tamb\u00e9m a Dinamarca, o Chipre, e alguns outros pa\u00edses. Acho que a \u00c1ustria tamb\u00e9m. Ent\u00e3o, onde h\u00e1 tecnologia, o mundo inteiro est\u00e1 proativamente se deslocando.&#8221;<\/p>\n<p>&nbsp;<\/p>\n<p><strong>Fonte: Terra<\/strong><\/p>\n<p>&nbsp;<\/p>\n","protected":false},"excerpt":{"rendered":"<p>Visivelmente irritado, o deputado Eduardo Bolsonaro (PSL-SP) mandou a popula\u00e7\u00e3o brasileira enfiar as m\u00e1scaras de prote\u00e7\u00e3o contra a covid-19 &#8220;no rabo&#8221;. Em uma apari\u00e7\u00e3o ao vivo que fez em seu perfil pelo Instagram, o filho &#8220;03&#8221; de Bolsonaro criticou o uso do principal item de prote\u00e7\u00e3o contra a contamina\u00e7\u00e3o do v\u00edrus que, dia ap\u00f3s dia, &hellip;<\/p>\n","protected":false},"author":1,"featured_media":13698,"comment_status":"closed","ping_status":"closed","sticky":false,"template":"","format":"standard","meta":{"_jetpack_newsletter_access":"","_jetpack_dont_email_post_to_subs":false,"_jetpack_newsletter_tier_id":0,"_jetpack_memberships_contains_paywalled_content":false,"_jetpack_memberships_contains_paid_content":false,"footnotes":""},"categories":[1],"tags":[],"class_list":["post-13697","post","type-post","status-publish","format-standard","has-post-thumbnail","hentry","category-destaque"],"jetpack_sharing_enabled":true,"jetpack_featured_media_url":"","_links":{"self":[{"href":"https:\/\/www.oparanews.com.br\/index.php\/wp-json\/wp\/v2\/posts\/13697","targetHints":{"allow":["GET"]}}],"collection":[{"href":"https:\/\/www.oparanews.com.br\/index.php\/wp-json\/wp\/v2\/posts"}],"about":[{"href":"https:\/\/www.oparanews.com.br\/index.php\/wp-json\/wp\/v2\/types\/post"}],"author":[{"embeddable":true,"href":"https:\/\/www.oparanews.com.br\/index.php\/wp-json\/wp\/v2\/users\/1"}],"replies":[{"embeddable":true,"href":"https:\/\/www.oparanews.com.br\/index.php\/wp-json\/wp\/v2\/comments?post=13697"}],"version-history":[{"count":0,"href":"https:\/\/www.oparanews.com.br\/index.php\/wp-json\/wp\/v2\/posts\/13697\/revisions"}],"wp:attachment":[{"href":"https:\/\/www.oparanews.com.br\/index.php\/wp-json\/wp\/v2\/media?parent=13697"}],"wp:term":[{"taxonomy":"category","embeddable":true,"href":"https:\/\/www.oparanews.com.br\/index.php\/wp-json\/wp\/v2\/categories?post=13697"},{"taxonomy":"post_tag","embeddable":true,"href":"https:\/\/www.oparanews.com.br\/index.php\/wp-json\/wp\/v2\/tags?post=13697"}],"curies":[{"name":"wp","href":"https:\/\/api.w.org\/{rel}","templated":true}]}}