{"id":13700,"date":"2021-03-11T20:36:19","date_gmt":"2021-03-11T20:36:19","guid":{"rendered":"https:\/\/oparanews.com.br\/?p=13700"},"modified":"2021-03-11T20:36:19","modified_gmt":"2021-03-11T20:36:19","slug":"em-breve-poderemos-ter-invasoes-e-fogo-em-onibus","status":"publish","type":"post","link":"https:\/\/www.oparanews.com.br\/index.php\/2021\/03\/11\/em-breve-poderemos-ter-invasoes-e-fogo-em-onibus\/","title":{"rendered":"&#8220;Em breve, poderemos ter invas\u00f5es e fogo em \u00f4nibus&#8221;"},"content":{"rendered":"<p>O presidente Jair Bolsonaro voltou a defender, nesta quinta-feira, 11, a vacina\u00e7\u00e3o da popula\u00e7\u00e3o para conter o avan\u00e7o da covid-19 no Brasil, mas criticou as medidas de isolamento social. Durante participa\u00e7\u00e3o virtual em reuni\u00e3o da Frente Parlamentar Mista das Micro e Pequenas Empresas, Bolsonaro citou a possibilidade de invas\u00f5es e greves em fun\u00e7\u00e3o do lockdown.<\/p>\n<p>Bolsonaro criticou diretamente as medidas adotadas pelos governadores de S\u00e3o Paulo, Jo\u00e3o Doria, e do Distrito Federal, Ibaneis Rocha. Doria anunciou nesta quinta-feira, 11, novas restri\u00e7\u00f5es, inclusive toque de recolher no Estado, medida tamb\u00e9m aplicada no Distrito Federal. Bolsonaro comparou o isolamento a um &#8220;sapo fervido&#8221;, ou seja, depois de aumentada a temperatura, &#8220;n\u00e3o sai mais da panela&#8221;.<\/p>\n<p>&#8220;At\u00e9 quando? At\u00e9 quando nossa economia vai resistir? Se colapsar, vai ser uma desgra\u00e7a. O que poderemos ter brevemente? Invas\u00e3o a supermercado, fogo em \u00f4nibus, greves, piquetes, paralisa\u00e7\u00f5es. Onde vamos chegar? Ser\u00e1 tarde para o sapo sair da panela&#8221;, disse Bolsonaro. No discurso do presidente da Rep\u00fablica, enquanto o governo federal combate o desemprego, prefeitos e governadores est\u00e3o &#8220;destruindo&#8221; a economia.<\/p>\n<p>Nas \u00faltimas duas semanas, o Brasil viu a m\u00e9dia di\u00e1ria de \u00f3bitos saltar 43%. Em 25 de fevereiro, o n\u00famero estava em 1.150. Agora est\u00e1 em 1.645, o maior da pandemia. Na quarta-feira, 10, o Brasil registrou 2.349 mortes pela covid-19 nas \u00faltimas 24 horas, de acordo com dados do cons\u00f3rcio formado por ve\u00edculos de imprensa.<\/p>\n<p>&#8220;Lamento todas as mortes que ocorrem, todas as mortes. Lamento essa desgra\u00e7a que se abateu sobre o mundo, mas n\u00f3s temos que olhar para frente, buscar minimizar a dor dessas pessoas, buscar minimiz\u00e1-la com vacina. Toma vacina. Abrimos para comprar praticamente de todos os laborat\u00f3rios depois de aprovado pela Anvisa.&#8221; O presidente afirmou que nunca negou a vacina. Em dezembro, por\u00e9m, ele afirmou que n\u00e3o tomaria o imunizante.<\/p>\n<p>&nbsp;<\/p>\n<p><strong>Fonte: Terra<\/strong><\/p>\n<p>&nbsp;<\/p>\n","protected":false},"excerpt":{"rendered":"<p>O presidente Jair Bolsonaro voltou a defender, nesta quinta-feira, 11, a vacina\u00e7\u00e3o da popula\u00e7\u00e3o para conter o avan\u00e7o da covid-19 no Brasil, mas criticou as medidas de isolamento social. Durante participa\u00e7\u00e3o virtual em reuni\u00e3o da Frente Parlamentar Mista das Micro e Pequenas Empresas, Bolsonaro citou a possibilidade de invas\u00f5es e greves em fun\u00e7\u00e3o do lockdown. &hellip;<\/p>\n","protected":false},"author":1,"featured_media":13701,"comment_status":"closed","ping_status":"closed","sticky":false,"template":"","format":"standard","meta":{"_jetpack_newsletter_access":"","_jetpack_dont_email_post_to_subs":false,"_jetpack_newsletter_tier_id":0,"_jetpack_memberships_contains_paywalled_content":false,"_jetpack_memberships_contains_paid_content":false,"footnotes":""},"categories":[1],"tags":[],"class_list":["post-13700","post","type-post","status-publish","format-standard","has-post-thumbnail","hentry","category-destaque"],"jetpack_sharing_enabled":true,"jetpack_featured_media_url":"","_links":{"self":[{"href":"https:\/\/www.oparanews.com.br\/index.php\/wp-json\/wp\/v2\/posts\/13700","targetHints":{"allow":["GET"]}}],"collection":[{"href":"https:\/\/www.oparanews.com.br\/index.php\/wp-json\/wp\/v2\/posts"}],"about":[{"href":"https:\/\/www.oparanews.com.br\/index.php\/wp-json\/wp\/v2\/types\/post"}],"author":[{"embeddable":true,"href":"https:\/\/www.oparanews.com.br\/index.php\/wp-json\/wp\/v2\/users\/1"}],"replies":[{"embeddable":true,"href":"https:\/\/www.oparanews.com.br\/index.php\/wp-json\/wp\/v2\/comments?post=13700"}],"version-history":[{"count":0,"href":"https:\/\/www.oparanews.com.br\/index.php\/wp-json\/wp\/v2\/posts\/13700\/revisions"}],"wp:attachment":[{"href":"https:\/\/www.oparanews.com.br\/index.php\/wp-json\/wp\/v2\/media?parent=13700"}],"wp:term":[{"taxonomy":"category","embeddable":true,"href":"https:\/\/www.oparanews.com.br\/index.php\/wp-json\/wp\/v2\/categories?post=13700"},{"taxonomy":"post_tag","embeddable":true,"href":"https:\/\/www.oparanews.com.br\/index.php\/wp-json\/wp\/v2\/tags?post=13700"}],"curies":[{"name":"wp","href":"https:\/\/api.w.org\/{rel}","templated":true}]}}