{"id":13706,"date":"2021-03-12T13:44:53","date_gmt":"2021-03-12T13:44:53","guid":{"rendered":"https:\/\/oparanews.com.br\/?p=13706"},"modified":"2021-03-12T13:44:53","modified_gmt":"2021-03-12T13:44:53","slug":"janssen-relata-87-de-eficacia-contra-variante-brasileira","status":"publish","type":"post","link":"https:\/\/www.oparanews.com.br\/index.php\/2021\/03\/12\/janssen-relata-87-de-eficacia-contra-variante-brasileira\/","title":{"rendered":"Janssen relata 87% de efic\u00e1cia contra variante brasileira"},"content":{"rendered":"<p>Dados divulgados pelo laborat\u00f3rio belga Janssen, pertencente \u00e0 multinacional americana Johnson &amp; Johnson, apontam que sua vacina anti-Covid tem 87% de efic\u00e1cia contra formas graves da variante brasileira do novo coronav\u00edrus.<\/p>\n<p>O imunizante, cobi\u00e7ado no mundo todo por ser de dose \u00fanica, foi aprovado para uso emergencial na Uni\u00e3o Europeia na \u00faltima quinta-feira (11), com efic\u00e1cia de 67% contra todos os casos sintom\u00e1ticos.<\/p>\n<p>&#8220;Constatou-se, de forma geral, uma alta efic\u00e1cia de 81% contra formas graves da doen\u00e7a provocada pela variante sul-africana, enquanto a efic\u00e1cia contra as formas graves de Covid da variante brasileira foi de 87%&#8221;, disse, em entrevista \u00e0 ANSA, o chefe de doen\u00e7as infecciosas e vacinas da Janssen, Johan van Hoof.<\/p>\n<p>A empresa, no entanto, ainda n\u00e3o apresentou os estudos cl\u00ednicos por tr\u00e1s desses n\u00fameros. No fim de janeiro, a Janssen havia divulgado uma efic\u00e1cia global de 85% da vacina contra casos graves da Covid-19. Ou seja, o \u00edndice relativo \u00e0 variante brasileira seria ainda maior do que aquele da cepa original.<\/p>\n<p>Na \u00e9poca em que apresentou esses dados, a Janssen n\u00e3o citou o Brasil especificamente, por\u00e9m divulgou tr\u00eas indicadores de efic\u00e1cia contra casos sintom\u00e1ticos: de 72% nos EUA, de 66% na Am\u00e9rica Latina e de 57% na \u00c1frica do Sul.<\/p>\n<p>Al\u00e9m da UE, a vacina do laborat\u00f3rio belga j\u00e1 est\u00e1 aprovada para uso emergencial nos Estados Unidos. O imunizante usa um adenov\u00edrus de resfriados inativo para carregar as instru\u00e7\u00f5es gen\u00e9ticas para a produ\u00e7\u00e3o da prote\u00edna spike, esp\u00e9cie de coroa de espinhos que o Sars-CoV-2 utiliza para atacar as c\u00e9lulas humanas.<\/p>\n<p>As ampolas podem ser mantidas em temperaturas entre 2\u00baC e 8\u00baC por at\u00e9 tr\u00eas meses.<\/p>\n<p>&nbsp;<\/p>\n<p><strong>Fonte: Terra<\/strong><\/p>\n<p>&nbsp;<\/p>\n","protected":false},"excerpt":{"rendered":"<p>Dados divulgados pelo laborat\u00f3rio belga Janssen, pertencente \u00e0 multinacional americana Johnson &amp; Johnson, apontam que sua vacina anti-Covid tem 87% de efic\u00e1cia contra formas graves da variante brasileira do novo coronav\u00edrus. O imunizante, cobi\u00e7ado no mundo todo por ser de dose \u00fanica, foi aprovado para uso emergencial na Uni\u00e3o Europeia na \u00faltima quinta-feira (11), com &hellip;<\/p>\n","protected":false},"author":1,"featured_media":13707,"comment_status":"closed","ping_status":"closed","sticky":false,"template":"","format":"standard","meta":{"_jetpack_newsletter_access":"","_jetpack_dont_email_post_to_subs":false,"_jetpack_newsletter_tier_id":0,"_jetpack_memberships_contains_paywalled_content":false,"_jetpack_memberships_contains_paid_content":false,"footnotes":""},"categories":[1],"tags":[],"class_list":["post-13706","post","type-post","status-publish","format-standard","has-post-thumbnail","hentry","category-destaque"],"jetpack_sharing_enabled":true,"jetpack_featured_media_url":"","_links":{"self":[{"href":"https:\/\/www.oparanews.com.br\/index.php\/wp-json\/wp\/v2\/posts\/13706","targetHints":{"allow":["GET"]}}],"collection":[{"href":"https:\/\/www.oparanews.com.br\/index.php\/wp-json\/wp\/v2\/posts"}],"about":[{"href":"https:\/\/www.oparanews.com.br\/index.php\/wp-json\/wp\/v2\/types\/post"}],"author":[{"embeddable":true,"href":"https:\/\/www.oparanews.com.br\/index.php\/wp-json\/wp\/v2\/users\/1"}],"replies":[{"embeddable":true,"href":"https:\/\/www.oparanews.com.br\/index.php\/wp-json\/wp\/v2\/comments?post=13706"}],"version-history":[{"count":0,"href":"https:\/\/www.oparanews.com.br\/index.php\/wp-json\/wp\/v2\/posts\/13706\/revisions"}],"wp:attachment":[{"href":"https:\/\/www.oparanews.com.br\/index.php\/wp-json\/wp\/v2\/media?parent=13706"}],"wp:term":[{"taxonomy":"category","embeddable":true,"href":"https:\/\/www.oparanews.com.br\/index.php\/wp-json\/wp\/v2\/categories?post=13706"},{"taxonomy":"post_tag","embeddable":true,"href":"https:\/\/www.oparanews.com.br\/index.php\/wp-json\/wp\/v2\/tags?post=13706"}],"curies":[{"name":"wp","href":"https:\/\/api.w.org\/{rel}","templated":true}]}}