{"id":13709,"date":"2021-03-12T13:48:13","date_gmt":"2021-03-12T13:48:13","guid":{"rendered":"https:\/\/oparanews.com.br\/?p=13709"},"modified":"2021-03-12T13:48:13","modified_gmt":"2021-03-12T13:48:13","slug":"anvisa-aprova-registro-definitivo-de-vacina-de-oxford","status":"publish","type":"post","link":"https:\/\/www.oparanews.com.br\/index.php\/2021\/03\/12\/anvisa-aprova-registro-definitivo-de-vacina-de-oxford\/","title":{"rendered":"Anvisa aprova registro definitivo de vacina de Oxford"},"content":{"rendered":"<p>BRAS\u00cdLIA &#8211; A Ag\u00eancia Nacional de Vigil\u00e2ncia Sanit\u00e1ria (Anvisa) anunciou nesta sexta-feira, 12, o registro da vacina de Oxford\/AstraZeneca, contra a covid-19, produzida pela Funda\u00e7\u00e3o Oswaldo Cruz (Fiocruz). A decis\u00e3o permite a entrega do produto que tem etapa de fabrica\u00e7\u00e3o no Pa\u00eds. Antes, a Anvisa j\u00e1 havia autorizado o uso emergencial do mesmo produto, mas fabricado pelo Instituto Serum, da \u00cdndia. O registro n\u00e3o permite a venda ao setor privado, pois a Fiocruz tem apenas o Sistema \u00danico de Sa\u00fade (SUS) e organismos multilaterais como clientes.<\/p>\n<p>A Fiocruz espera entregar cerca de 222 milh\u00f5es de doses neste ano, sendo 112 milh\u00f5es at\u00e9 julho. Neste m\u00eas, a ideia \u00e9 distribuir 3,8 milh\u00f5es de doses. A efic\u00e1cia geral da vacina \u00e9 de 70,42% em um intervalo de 8 a 12 semanas, mas a imuniza\u00e7\u00e3o contra as novas variantes do coronav\u00edrus ainda n\u00e3o \u00e9 completamente conhecida. O imunizante ser\u00e1 produzido com uma IFA (princ\u00edpio ativo) importado da China, com etapa de produ\u00e7\u00e3o na Fiocruz.<\/p>\n<p>A Anvisa tamb\u00e9m anunciou o registro do antiviral Remdesivir. Fabricado pela Gilead, o medicamento \u00e9 usado no tratamento de pacientes hospitalizados com covid-19.<\/p>\n<p>A ag\u00eancia j\u00e1 havia registrado a vacina da Pfizer. Neste caso, o produto pode at\u00e9 mesmo ser vendido ao setor privado, mas a empresa afirma que s\u00f3 negocia agora com o Minist\u00e9rio da Sa\u00fade.<\/p>\n<p>&nbsp;<\/p>\n<p><strong>Fonte: Terra<\/strong><\/p>\n<p>&nbsp;<\/p>\n","protected":false},"excerpt":{"rendered":"<p>BRAS\u00cdLIA &#8211; A Ag\u00eancia Nacional de Vigil\u00e2ncia Sanit\u00e1ria (Anvisa) anunciou nesta sexta-feira, 12, o registro da vacina de Oxford\/AstraZeneca, contra a covid-19, produzida pela Funda\u00e7\u00e3o Oswaldo Cruz (Fiocruz). A decis\u00e3o permite a entrega do produto que tem etapa de fabrica\u00e7\u00e3o no Pa\u00eds. Antes, a Anvisa j\u00e1 havia autorizado o uso emergencial do mesmo produto, mas &hellip;<\/p>\n","protected":false},"author":1,"featured_media":13710,"comment_status":"closed","ping_status":"closed","sticky":false,"template":"","format":"standard","meta":{"_jetpack_newsletter_access":"","_jetpack_dont_email_post_to_subs":false,"_jetpack_newsletter_tier_id":0,"_jetpack_memberships_contains_paywalled_content":false,"_jetpack_memberships_contains_paid_content":false,"footnotes":""},"categories":[1],"tags":[],"class_list":["post-13709","post","type-post","status-publish","format-standard","has-post-thumbnail","hentry","category-destaque"],"jetpack_sharing_enabled":true,"jetpack_featured_media_url":"","_links":{"self":[{"href":"https:\/\/www.oparanews.com.br\/index.php\/wp-json\/wp\/v2\/posts\/13709","targetHints":{"allow":["GET"]}}],"collection":[{"href":"https:\/\/www.oparanews.com.br\/index.php\/wp-json\/wp\/v2\/posts"}],"about":[{"href":"https:\/\/www.oparanews.com.br\/index.php\/wp-json\/wp\/v2\/types\/post"}],"author":[{"embeddable":true,"href":"https:\/\/www.oparanews.com.br\/index.php\/wp-json\/wp\/v2\/users\/1"}],"replies":[{"embeddable":true,"href":"https:\/\/www.oparanews.com.br\/index.php\/wp-json\/wp\/v2\/comments?post=13709"}],"version-history":[{"count":0,"href":"https:\/\/www.oparanews.com.br\/index.php\/wp-json\/wp\/v2\/posts\/13709\/revisions"}],"wp:attachment":[{"href":"https:\/\/www.oparanews.com.br\/index.php\/wp-json\/wp\/v2\/media?parent=13709"}],"wp:term":[{"taxonomy":"category","embeddable":true,"href":"https:\/\/www.oparanews.com.br\/index.php\/wp-json\/wp\/v2\/categories?post=13709"},{"taxonomy":"post_tag","embeddable":true,"href":"https:\/\/www.oparanews.com.br\/index.php\/wp-json\/wp\/v2\/tags?post=13709"}],"curies":[{"name":"wp","href":"https:\/\/api.w.org\/{rel}","templated":true}]}}