{"id":13712,"date":"2021-03-12T13:51:21","date_gmt":"2021-03-12T13:51:21","guid":{"rendered":"https:\/\/oparanews.com.br\/?p=13712"},"modified":"2021-03-12T13:51:21","modified_gmt":"2021-03-12T13:51:21","slug":"anvisa-libera-primeiro-medicamento-para-tratar-covid-no-brasil","status":"publish","type":"post","link":"https:\/\/www.oparanews.com.br\/index.php\/2021\/03\/12\/anvisa-libera-primeiro-medicamento-para-tratar-covid-no-brasil\/","title":{"rendered":"Anvisa libera 1\u00ba medicamento para tratar Covid no Brasil"},"content":{"rendered":"<p>A Ag\u00eancia Nacional de Vigil\u00e2ncia Sanit\u00e1ria (Anvisa) anunciou, nesta sexta-feira (12), o registro do primeiro medicamento de pacientes hospitalizados com Covid-19, o antiviral Remdesivir.<\/p>\n<p>&#8220;Isso [registro do medicamento] \u00e9 fruto de uma efic\u00e1cia, seguran\u00e7a e qualidade apresentadas&#8221;, afirmou o gerente Geral Medicamentos e Produtos Biol\u00f3gicos da Anvisa, Gustavo Mendes.<\/p>\n<p>O medicamento j\u00e1 est\u00e1 sendo usado de maneira emergencial nos Estados Unidos desde novembro. Por l\u00e1, ele \u00e9 usado em adultos e crian\u00e7as a partir de 12 anos e pesando mais de 40 quilos, que estejam hospitalizadas, mas s\u00f3 pode ser administrado por via injet\u00e1vel em um centro m\u00e9dico ou meio equivalente. Outra autoriza\u00e7\u00e3o emergencial foi acordada paralelamente para crian\u00e7as com menos de 12 anos que pesem pelo menos 3,5 quilos.<\/p>\n<p>Logo ap\u00f3s a aprova\u00e7\u00e3o americana, a Organiza\u00e7\u00e3o Mundial da Sa\u00fade (OMS) anunciou que o Remdesivir n\u00e3o \u00e9 recomendado para pacientes hospitalizados com Covid-19, uma vez que o antiviral n\u00e3o evita mortes, nem o agravamento da doen\u00e7a.<\/p>\n<p>O Remdesivir \u00e9 um medicamento intravenoso que age impedindo a replica\u00e7\u00e3o viral.<\/p>\n<p>&nbsp;<\/p>\n<p><strong>Fonte: G1<\/strong><\/p>\n<p>&nbsp;<\/p>\n","protected":false},"excerpt":{"rendered":"<p>A Ag\u00eancia Nacional de Vigil\u00e2ncia Sanit\u00e1ria (Anvisa) anunciou, nesta sexta-feira (12), o registro do primeiro medicamento de pacientes hospitalizados com Covid-19, o antiviral Remdesivir. &#8220;Isso [registro do medicamento] \u00e9 fruto de uma efic\u00e1cia, seguran\u00e7a e qualidade apresentadas&#8221;, afirmou o gerente Geral Medicamentos e Produtos Biol\u00f3gicos da Anvisa, Gustavo Mendes. O medicamento j\u00e1 est\u00e1 sendo usado &hellip;<\/p>\n","protected":false},"author":1,"featured_media":13713,"comment_status":"closed","ping_status":"closed","sticky":false,"template":"","format":"standard","meta":{"_jetpack_newsletter_access":"","_jetpack_dont_email_post_to_subs":false,"_jetpack_newsletter_tier_id":0,"_jetpack_memberships_contains_paywalled_content":false,"_jetpack_memberships_contains_paid_content":false,"footnotes":""},"categories":[1],"tags":[],"class_list":["post-13712","post","type-post","status-publish","format-standard","has-post-thumbnail","hentry","category-destaque"],"jetpack_sharing_enabled":true,"jetpack_featured_media_url":"","_links":{"self":[{"href":"https:\/\/www.oparanews.com.br\/index.php\/wp-json\/wp\/v2\/posts\/13712","targetHints":{"allow":["GET"]}}],"collection":[{"href":"https:\/\/www.oparanews.com.br\/index.php\/wp-json\/wp\/v2\/posts"}],"about":[{"href":"https:\/\/www.oparanews.com.br\/index.php\/wp-json\/wp\/v2\/types\/post"}],"author":[{"embeddable":true,"href":"https:\/\/www.oparanews.com.br\/index.php\/wp-json\/wp\/v2\/users\/1"}],"replies":[{"embeddable":true,"href":"https:\/\/www.oparanews.com.br\/index.php\/wp-json\/wp\/v2\/comments?post=13712"}],"version-history":[{"count":0,"href":"https:\/\/www.oparanews.com.br\/index.php\/wp-json\/wp\/v2\/posts\/13712\/revisions"}],"wp:attachment":[{"href":"https:\/\/www.oparanews.com.br\/index.php\/wp-json\/wp\/v2\/media?parent=13712"}],"wp:term":[{"taxonomy":"category","embeddable":true,"href":"https:\/\/www.oparanews.com.br\/index.php\/wp-json\/wp\/v2\/categories?post=13712"},{"taxonomy":"post_tag","embeddable":true,"href":"https:\/\/www.oparanews.com.br\/index.php\/wp-json\/wp\/v2\/tags?post=13712"}],"curies":[{"name":"wp","href":"https:\/\/api.w.org\/{rel}","templated":true}]}}