{"id":13723,"date":"2021-03-12T18:23:59","date_gmt":"2021-03-12T18:23:59","guid":{"rendered":"https:\/\/oparanews.com.br\/?p=13723"},"modified":"2021-03-12T18:23:59","modified_gmt":"2021-03-12T18:23:59","slug":"mortes-de-idosos-com-mais-de-85-anos-caem-em-alagoas-apos-vacinacao","status":"publish","type":"post","link":"https:\/\/www.oparanews.com.br\/index.php\/2021\/03\/12\/mortes-de-idosos-com-mais-de-85-anos-caem-em-alagoas-apos-vacinacao\/","title":{"rendered":"Mortes de idosos com mais de 85 anos caem em Alagoas ap\u00f3s vacina\u00e7\u00e3o"},"content":{"rendered":"<p>O \u00edndice de mortes por Covid-19 de pessoas com mais de 85 anos caiu desde que a vacina contra o coronav\u00edrus come\u00e7ou a ser aplicada em Alagoas, no m\u00eas de janeiro. O governador Renan Filho (MDB) informou nesta sexta-feira (12) que essa faixa et\u00e1ria j\u00e1 chegou a representar 15% das mortes no estado, mas atualmente est\u00e1 em 1%.<\/p>\n<p>A informa\u00e7\u00e3o foi divulgada durante uma entrevista coletiva online para apresentar um pacote de benef\u00edcios a bares, restaurantes e lanchonetes, com objetivo de amenizar os efeitos do fechamento imposto pela fase laranja do distanciamento social controlado, vigente atualmente no estado.<\/p>\n<p>&#8220;Acima de 85 anos, j\u00e1 representou no passado 15% da totalidade de mortes, isso significa que pessoas mais velhas [infectadas pelo coronav\u00edrus] t\u00eam mais chances de falecer. No p\u00f3s-vacina, essa parcela j\u00e1 caiu significativamente e foi menos de 1% das mortes. Quem est\u00e1 sendo vacinado, est\u00e1 adoecendo menos, utilizando menos a rede hospitalar e, consequentemente, morrendo menos tamb\u00e9m&#8221;, afirmou disse Renan Filho.<\/p>\n<p>O estado recebeu nesta semana mais 32 mil doses da CoronaVac, possibilitando a amplia\u00e7\u00e3o da vacina\u00e7\u00e3o para pessoas com idade a partir de 75 anos.<\/p>\n<p>A previs\u00e3o do governo estadual \u00e9 concluir a vacina\u00e7\u00e3o de todas as pessoas com mais de 60 anos at\u00e9 o final de abril.<\/p>\n<p>Na quinta (11), o Cons\u00f3rcio Nordeste, do qual Alagoas faz parte, anunciou que vai apresentar proposta ao Fundo Soberano Russo para comprar 39,6 milh\u00f5es de doses da vacina Sputnik V, ampliando a oferta no Plano Nacional de Imuniza\u00e7\u00e3o.<\/p>\n<p>&#8220;Eu fui um dos governadores que defenderam que se o setor produtivo puder contribuir para a compra de vacinas, ele deve faz\u00ea-lo pra acelerar o Plano Nacional de Imuniza\u00e7\u00e3o, n\u00e3o pra imunizar quem quiser, mas para acelerar o Plano&#8221;, afirmou o governador de Alagoas.<\/p>\n<p>&nbsp;<\/p>\n<p><strong>Fonte: G1\/AL<\/strong><\/p>\n<p>&nbsp;<\/p>\n","protected":false},"excerpt":{"rendered":"<p>O \u00edndice de mortes por Covid-19 de pessoas com mais de 85 anos caiu desde que a vacina contra o coronav\u00edrus come\u00e7ou a ser aplicada em Alagoas, no m\u00eas de janeiro. O governador Renan Filho (MDB) informou nesta sexta-feira (12) que essa faixa et\u00e1ria j\u00e1 chegou a representar 15% das mortes no estado, mas atualmente &hellip;<\/p>\n","protected":false},"author":1,"featured_media":13724,"comment_status":"closed","ping_status":"closed","sticky":false,"template":"","format":"standard","meta":{"_jetpack_newsletter_access":"","_jetpack_dont_email_post_to_subs":false,"_jetpack_newsletter_tier_id":0,"_jetpack_memberships_contains_paywalled_content":false,"_jetpack_memberships_contains_paid_content":false,"footnotes":""},"categories":[1],"tags":[],"class_list":["post-13723","post","type-post","status-publish","format-standard","has-post-thumbnail","hentry","category-destaque"],"jetpack_sharing_enabled":true,"jetpack_featured_media_url":"","_links":{"self":[{"href":"https:\/\/www.oparanews.com.br\/index.php\/wp-json\/wp\/v2\/posts\/13723","targetHints":{"allow":["GET"]}}],"collection":[{"href":"https:\/\/www.oparanews.com.br\/index.php\/wp-json\/wp\/v2\/posts"}],"about":[{"href":"https:\/\/www.oparanews.com.br\/index.php\/wp-json\/wp\/v2\/types\/post"}],"author":[{"embeddable":true,"href":"https:\/\/www.oparanews.com.br\/index.php\/wp-json\/wp\/v2\/users\/1"}],"replies":[{"embeddable":true,"href":"https:\/\/www.oparanews.com.br\/index.php\/wp-json\/wp\/v2\/comments?post=13723"}],"version-history":[{"count":0,"href":"https:\/\/www.oparanews.com.br\/index.php\/wp-json\/wp\/v2\/posts\/13723\/revisions"}],"wp:attachment":[{"href":"https:\/\/www.oparanews.com.br\/index.php\/wp-json\/wp\/v2\/media?parent=13723"}],"wp:term":[{"taxonomy":"category","embeddable":true,"href":"https:\/\/www.oparanews.com.br\/index.php\/wp-json\/wp\/v2\/categories?post=13723"},{"taxonomy":"post_tag","embeddable":true,"href":"https:\/\/www.oparanews.com.br\/index.php\/wp-json\/wp\/v2\/tags?post=13723"}],"curies":[{"name":"wp","href":"https:\/\/api.w.org\/{rel}","templated":true}]}}