{"id":13731,"date":"2021-03-12T19:43:50","date_gmt":"2021-03-12T19:43:50","guid":{"rendered":"https:\/\/oparanews.com.br\/?p=13731"},"modified":"2021-03-12T19:43:50","modified_gmt":"2021-03-12T19:43:50","slug":"alagoas-confirma-864-casos-e-16-mortes-por-covid-19-em-24-horas","status":"publish","type":"post","link":"https:\/\/www.oparanews.com.br\/index.php\/2021\/03\/12\/alagoas-confirma-864-casos-e-16-mortes-por-covid-19-em-24-horas\/","title":{"rendered":"Alagoas confirma 864 casos e 16 mortes por Covid-19 em 24 horas"},"content":{"rendered":"<p>Mais 864 casos e 16 mortes por Covid-19 foram confirmadas em Alagoas nas \u00faltimas 24 horas. A informa\u00e7\u00e3o \u00e9 do boletim epidemiol\u00f3gico divulgado pela Secretaria de Estado da Sa\u00fade (Sesau) nesta sexta-feira (12).<\/p>\n<p>Com os novos registros, o n\u00famero total de casos confirmados desde o in\u00edcio da pandemia subiu para 138.929. J\u00e1 o de mortes, chegou a 3.166.<\/p>\n<p>Entre os casos confirmados, 131.777 pessoas conseguiram se recuperar da doen\u00e7a.<\/p>\n<p>O estado tem ainda 14.832 casos suspeitos, \u00e0 espera do resultado de exames laboratoriais.<\/p>\n<p><strong>Ocupa\u00e7\u00e3o de leitos<\/strong><\/p>\n<p>De acordo com o \u00faltimo levantamento da taxa de ocupa\u00e7\u00e3o de leitos exclusivos para pessoas com confirma\u00e7\u00e3o ou suspeita da Covid-19, atualizado na noite de quinta (11), Alagoas tem 82% dos leitos de UTI ocupados.<\/p>\n<p>Considerando o total de leitos, incluindo os leitos cl\u00ednicos, a taxa de ocupa\u00e7\u00e3o \u00e9 de 72%.<\/p>\n<p><strong>Mais 16 mortes por Covid-19<\/strong><\/p>\n<p>Macei\u00f3: Homem, 59 anos \u2013 hipertenso homem de 59 anos era hipertenso<br \/>\nMacei\u00f3: Homem, 77 anos \u2013 hipertenso homem de 77 anos era hipertenso<br \/>\nMacei\u00f3: Homem, 80 anos \u2013 hipertenso homem de 80 anos era hipertenso<br \/>\nMacei\u00f3: Homem, 84 anos \u2013 hipertenso o homem 84 anos era hipertenso<br \/>\nMacei\u00f3: Mulher. 35 anos \u2013 doen\u00e7a neurol\u00f3gica cr\u00f4nica<br \/>\nMacei\u00f3: Mulher, 65 anos \u2013 sem comorbidades mulher de 65 anos n\u00e3o tinha comorbidades<br \/>\nMarechal Deodoro: Adolescente, 13 anos &#8211; leucemia<br \/>\nMarechal Deodoro: Mulher, 72 anos \u2013 hipertens\u00e3o arterial, diabetes, sequelas de um Acidente Vascular Encef\u00e1lico (AVE)<br \/>\nP\u00e3o de A\u00e7\u00facar: Homem, 45 anos \u2013 encefalopatia hep\u00e1tica<br \/>\nPalmeira dos \u00cdndios: Homem, 51 anos \u2013 asma br\u00f4nquica<br \/>\nPalmeira dos \u00cdndios: Homem, 68 anos \u2013 sem comorbidades<br \/>\nArapiraca: Homem, 59 anos \u2013 hipertenso e diab\u00e9tico<br \/>\nArapiraca: Homem, 69 anos \u2013 hipertenso<br \/>\nSatuba: Homem, 65 anos \u2013 sem comorbidades<br \/>\nSatuba: Homem, 71 anos \u2013 sem comorbidades<br \/>\nTaquarana: Mulher, 72 anos \u2013 hipertensa<\/p>\n<p>&nbsp;<\/p>\n<p><strong>Fonte: G1\/AL<\/strong><\/p>\n<p>&nbsp;<\/p>\n","protected":false},"excerpt":{"rendered":"<p>Mais 864 casos e 16 mortes por Covid-19 foram confirmadas em Alagoas nas \u00faltimas 24 horas. A informa\u00e7\u00e3o \u00e9 do boletim epidemiol\u00f3gico divulgado pela Secretaria de Estado da Sa\u00fade (Sesau) nesta sexta-feira (12). Com os novos registros, o n\u00famero total de casos confirmados desde o in\u00edcio da pandemia subiu para 138.929. J\u00e1 o de mortes, &hellip;<\/p>\n","protected":false},"author":1,"featured_media":7095,"comment_status":"closed","ping_status":"closed","sticky":false,"template":"","format":"standard","meta":{"_jetpack_newsletter_access":"","_jetpack_dont_email_post_to_subs":false,"_jetpack_newsletter_tier_id":0,"_jetpack_memberships_contains_paywalled_content":false,"_jetpack_memberships_contains_paid_content":false,"footnotes":""},"categories":[1],"tags":[],"class_list":["post-13731","post","type-post","status-publish","format-standard","has-post-thumbnail","hentry","category-destaque"],"jetpack_sharing_enabled":true,"jetpack_featured_media_url":"","_links":{"self":[{"href":"https:\/\/www.oparanews.com.br\/index.php\/wp-json\/wp\/v2\/posts\/13731","targetHints":{"allow":["GET"]}}],"collection":[{"href":"https:\/\/www.oparanews.com.br\/index.php\/wp-json\/wp\/v2\/posts"}],"about":[{"href":"https:\/\/www.oparanews.com.br\/index.php\/wp-json\/wp\/v2\/types\/post"}],"author":[{"embeddable":true,"href":"https:\/\/www.oparanews.com.br\/index.php\/wp-json\/wp\/v2\/users\/1"}],"replies":[{"embeddable":true,"href":"https:\/\/www.oparanews.com.br\/index.php\/wp-json\/wp\/v2\/comments?post=13731"}],"version-history":[{"count":0,"href":"https:\/\/www.oparanews.com.br\/index.php\/wp-json\/wp\/v2\/posts\/13731\/revisions"}],"wp:attachment":[{"href":"https:\/\/www.oparanews.com.br\/index.php\/wp-json\/wp\/v2\/media?parent=13731"}],"wp:term":[{"taxonomy":"category","embeddable":true,"href":"https:\/\/www.oparanews.com.br\/index.php\/wp-json\/wp\/v2\/categories?post=13731"},{"taxonomy":"post_tag","embeddable":true,"href":"https:\/\/www.oparanews.com.br\/index.php\/wp-json\/wp\/v2\/tags?post=13731"}],"curies":[{"name":"wp","href":"https:\/\/api.w.org\/{rel}","templated":true}]}}