{"id":13736,"date":"2021-03-13T12:55:57","date_gmt":"2021-03-13T12:55:57","guid":{"rendered":"https:\/\/oparanews.com.br\/?p=13736"},"modified":"2021-03-13T12:55:57","modified_gmt":"2021-03-13T12:55:57","slug":"galvao-bueno-e-vacinado-contra-a-covid-19","status":"publish","type":"post","link":"https:\/\/www.oparanews.com.br\/index.php\/2021\/03\/13\/galvao-bueno-e-vacinado-contra-a-covid-19\/","title":{"rendered":"Galv\u00e3o Bueno \u00e9 vacinado contra a covid-19"},"content":{"rendered":"<p>O narrador Galv\u00e3o Bueno postou nesta sexta-feira um v\u00eddeo para compartilhar o momento em que tomou a primeira dose da vacina contra a covid-19. Ele foi imunizado na cidade de Candiota, no Rio Grande do Sul, onde est\u00e1 desde o ano passado em isolamento.<\/p>\n<p>&#8220;Estou emocionado. Chegou a minha vez de tomar a vacina. Agora \u00e9 a minha turma. A turma dos 70&#8221;, disse Galv\u00e3o, distante do posto de sa\u00fade de Candiota.<\/p>\n<p>Ao receber a primeira dose da vacina, Galv\u00e3o conversa com a enfermeira, elogia o trabalho da prefeitura e pergunta quantas pessoas entre 70 e 79 anos foram imunizadas nesta sexta-feira. &#8220;Realizamos 60 doses hoje&#8221;, ela responde.<\/p>\n<p>https:\/\/twitter.com\/i\/status\/1370475562683265027<\/p>\n<p>Por fim, Galv\u00e3o, que tem uma vin\u00edcola na cidade, avisa que j\u00e1 est\u00e1 pronto para voltar ao trabalho ap\u00f3s ser vacinado. &#8220;Em abril, j\u00e1 estou de volta trabalhando. Fica um recado: mesmo depois da vacina, continue usando m\u00e1scara e com isolamento social. Trabalhando, mas com isolamento social.&#8221;<\/p>\n<p>&nbsp;<\/p>\n<p><strong>Fonte: Terra<\/strong><\/p>\n<p>&nbsp;<\/p>\n","protected":false},"excerpt":{"rendered":"<p>O narrador Galv\u00e3o Bueno postou nesta sexta-feira um v\u00eddeo para compartilhar o momento em que tomou a primeira dose da vacina contra a covid-19. Ele foi imunizado na cidade de Candiota, no Rio Grande do Sul, onde est\u00e1 desde o ano passado em isolamento. &#8220;Estou emocionado. Chegou a minha vez de tomar a vacina. Agora &hellip;<\/p>\n","protected":false},"author":1,"featured_media":13737,"comment_status":"closed","ping_status":"closed","sticky":false,"template":"","format":"standard","meta":{"_jetpack_newsletter_access":"","_jetpack_dont_email_post_to_subs":false,"_jetpack_newsletter_tier_id":0,"_jetpack_memberships_contains_paywalled_content":false,"_jetpack_memberships_contains_paid_content":false,"footnotes":""},"categories":[1],"tags":[],"class_list":["post-13736","post","type-post","status-publish","format-standard","has-post-thumbnail","hentry","category-destaque"],"jetpack_sharing_enabled":true,"jetpack_featured_media_url":"","_links":{"self":[{"href":"https:\/\/www.oparanews.com.br\/index.php\/wp-json\/wp\/v2\/posts\/13736","targetHints":{"allow":["GET"]}}],"collection":[{"href":"https:\/\/www.oparanews.com.br\/index.php\/wp-json\/wp\/v2\/posts"}],"about":[{"href":"https:\/\/www.oparanews.com.br\/index.php\/wp-json\/wp\/v2\/types\/post"}],"author":[{"embeddable":true,"href":"https:\/\/www.oparanews.com.br\/index.php\/wp-json\/wp\/v2\/users\/1"}],"replies":[{"embeddable":true,"href":"https:\/\/www.oparanews.com.br\/index.php\/wp-json\/wp\/v2\/comments?post=13736"}],"version-history":[{"count":0,"href":"https:\/\/www.oparanews.com.br\/index.php\/wp-json\/wp\/v2\/posts\/13736\/revisions"}],"wp:attachment":[{"href":"https:\/\/www.oparanews.com.br\/index.php\/wp-json\/wp\/v2\/media?parent=13736"}],"wp:term":[{"taxonomy":"category","embeddable":true,"href":"https:\/\/www.oparanews.com.br\/index.php\/wp-json\/wp\/v2\/categories?post=13736"},{"taxonomy":"post_tag","embeddable":true,"href":"https:\/\/www.oparanews.com.br\/index.php\/wp-json\/wp\/v2\/tags?post=13736"}],"curies":[{"name":"wp","href":"https:\/\/api.w.org\/{rel}","templated":true}]}}