{"id":13739,"date":"2021-03-13T12:59:21","date_gmt":"2021-03-13T12:59:21","guid":{"rendered":"https:\/\/oparanews.com.br\/?p=13739"},"modified":"2021-03-13T12:59:21","modified_gmt":"2021-03-13T12:59:21","slug":"prefeito-ronaldo-lopes-anuncia-mais-um-investimento-para-penedo","status":"publish","type":"post","link":"https:\/\/www.oparanews.com.br\/index.php\/2021\/03\/13\/prefeito-ronaldo-lopes-anuncia-mais-um-investimento-para-penedo\/","title":{"rendered":"Prefeito Ronaldo Lopes anuncia mais um investimento para Penedo"},"content":{"rendered":"<p>O Prefeito Ronaldo Lopes concluiu mais uma semana de trabalho por Penedo com um novo avan\u00e7o para o munic\u00edpio. O gestor recebeu representantes do Banco Nacional de Desenvolvimento Econ\u00f4mico e Social (BNDES), \u00f3rg\u00e3o vinculado ao governo federal que financiar\u00e1 a restaura\u00e7\u00e3o do Cine Penedo.<\/p>\n<p>O pr\u00e9dio de arquitetura modernista localizado na Pra\u00e7a Marechal Deodoro, Centro Hist\u00f3rico \u2013 vizinho da Igreja do Ros\u00e1rio dos Pretos \u2013 \u00e9 mais um patrim\u00f4nio de Penedo em processo de recupera\u00e7\u00e3o, projeto desenvolvido em conjunto entre Prefeitura de Penedo, Instituto do Patrim\u00f4nio Hist\u00f3rico e Art\u00edstico Nacional (Iphan), Universidade Federal de Alagoas (Ufal) e BNDES.<\/p>\n<p>O cinema fechado h\u00e1 mais de 40 anos voltar\u00e1 a funcionar como sala de exibi\u00e7\u00e3o de filmes e audit\u00f3rio do Centro de Produ\u00e7\u00e3o \u00c1udio Visual que a Ufal est\u00e1 implantando em Penedo.<\/p>\n<p>O prefeito Ronaldo Lopes destaca a articula\u00e7\u00e3o necess\u00e1ria para viabilizar a obra. \u201cAp\u00f3s uma grande luta por recursos, conseguimos o patroc\u00ednio cultural do BNDES para a reforma do Cine Penedo. Um sonho antigo dos penedenses que agora est\u00e1 tomando forma e virando realidade\u201d, comentou o gestor do governo Crescendo Com Seu Povo.<\/p>\n<p>Junto com Ronaldo Lopes e o professor S\u00e9rgio Onofre (Ufal), os representantes do BNDES vistoriaram as instala\u00e7\u00f5es do antigo cinema. A sala de exibi\u00e7\u00e3o passar\u00e1 por reparos, antes da retomada dos trabalhos no im\u00f3vel que j\u00e1 tem pr\u00e9dio anexo conclu\u00eddo, com salas de aula e laborat\u00f3rios para o curso de forma\u00e7\u00e3o em audiovisual, investimento pioneiro em Alagoas.<\/p>\n<p>\u201c\u00c9 uma grande felicidade presenciar o cinema retornando \u00e0 nossa cidade, pois essa conquista representa mais desenvolvimento para Penedo e reflete a nossa preocupa\u00e7\u00e3o em dar continuidade ao legado hist\u00f3rico e cultural do audiovisual na cidade\u201d, concluiu o Prefeito Ronaldo Lopes.<\/p>\n<p>&nbsp;<\/p>\n<p><strong>por Isabella Lucena \u2013 assessoria Gapre<\/strong><\/p>\n<p>&nbsp;<\/p>\n","protected":false},"excerpt":{"rendered":"<p>O Prefeito Ronaldo Lopes concluiu mais uma semana de trabalho por Penedo com um novo avan\u00e7o para o munic\u00edpio. O gestor recebeu representantes do Banco Nacional de Desenvolvimento Econ\u00f4mico e Social (BNDES), \u00f3rg\u00e3o vinculado ao governo federal que financiar\u00e1 a restaura\u00e7\u00e3o do Cine Penedo. O pr\u00e9dio de arquitetura modernista localizado na Pra\u00e7a Marechal Deodoro, Centro &hellip;<\/p>\n","protected":false},"author":1,"featured_media":13740,"comment_status":"closed","ping_status":"closed","sticky":false,"template":"","format":"standard","meta":{"_jetpack_newsletter_access":"","_jetpack_dont_email_post_to_subs":false,"_jetpack_newsletter_tier_id":0,"_jetpack_memberships_contains_paywalled_content":false,"_jetpack_memberships_contains_paid_content":false,"footnotes":""},"categories":[1],"tags":[],"class_list":["post-13739","post","type-post","status-publish","format-standard","has-post-thumbnail","hentry","category-destaque"],"jetpack_sharing_enabled":true,"jetpack_featured_media_url":"","_links":{"self":[{"href":"https:\/\/www.oparanews.com.br\/index.php\/wp-json\/wp\/v2\/posts\/13739","targetHints":{"allow":["GET"]}}],"collection":[{"href":"https:\/\/www.oparanews.com.br\/index.php\/wp-json\/wp\/v2\/posts"}],"about":[{"href":"https:\/\/www.oparanews.com.br\/index.php\/wp-json\/wp\/v2\/types\/post"}],"author":[{"embeddable":true,"href":"https:\/\/www.oparanews.com.br\/index.php\/wp-json\/wp\/v2\/users\/1"}],"replies":[{"embeddable":true,"href":"https:\/\/www.oparanews.com.br\/index.php\/wp-json\/wp\/v2\/comments?post=13739"}],"version-history":[{"count":0,"href":"https:\/\/www.oparanews.com.br\/index.php\/wp-json\/wp\/v2\/posts\/13739\/revisions"}],"wp:attachment":[{"href":"https:\/\/www.oparanews.com.br\/index.php\/wp-json\/wp\/v2\/media?parent=13739"}],"wp:term":[{"taxonomy":"category","embeddable":true,"href":"https:\/\/www.oparanews.com.br\/index.php\/wp-json\/wp\/v2\/categories?post=13739"},{"taxonomy":"post_tag","embeddable":true,"href":"https:\/\/www.oparanews.com.br\/index.php\/wp-json\/wp\/v2\/tags?post=13739"}],"curies":[{"name":"wp","href":"https:\/\/api.w.org\/{rel}","templated":true}]}}