{"id":13752,"date":"2021-03-14T15:06:15","date_gmt":"2021-03-14T15:06:15","guid":{"rendered":"https:\/\/oparanews.com.br\/?p=13752"},"modified":"2021-03-14T15:06:15","modified_gmt":"2021-03-14T15:06:15","slug":"deputado-daniel-silveira-vai-para-prisao-domiciliar","status":"publish","type":"post","link":"https:\/\/www.oparanews.com.br\/index.php\/2021\/03\/14\/deputado-daniel-silveira-vai-para-prisao-domiciliar\/","title":{"rendered":"Deputado Daniel Silveira vai para pris\u00e3o domiciliar"},"content":{"rendered":"<p>O ministro do Supremo Tribunal Federal (STF), Alexandre de Moraes, determinou neste domingo que o deputado Daniel Silveira (PSL-SP) poder\u00e1 deixar a unidade prisional em Niter\u00f3i (RJ) para cumprir pris\u00e3o domiciliar com monitoramento eletr\u00f4nico.<\/p>\n<p>Segundo a decis\u00e3o do ministro, o deputado fica liberado para exercer o mandato parlamentar da pr\u00f3pria resid\u00eancia, mas proibido de acessar, inclusive por meio de assessoria, suas redes sociais.<\/p>\n<p>Moraes tamb\u00e9m vetou que Silveira conceda qualquer esp\u00e9cie de entrevista sem autoriza\u00e7\u00e3o judicial, ou que tenha acesso ou contato com investigados nos inqu\u00e9ritos que apuram financiamento e organiza\u00e7\u00e3o de atos antidemocr\u00e1ticos e a dissemina\u00e7\u00e3o de not\u00edcias falsas e ataques a ministros do STF. O parlamentar ainda n\u00e3o poder\u00e1 receber visitas pr\u00e9vias sem autoriza\u00e7\u00e3o judicial.<\/p>\n<p>Nesta semana, o ministro havia negado um pedido de liberdade do deputado. No despacho, afirmou que s\u00f3 iria reavaliar a pris\u00e3o ap\u00f3s o tribunal decidir se recebe ou n\u00e3o a den\u00fancia contra o parlamentar. Na quinta-feira (11), o STF decidiu adiar essa an\u00e1lise.<\/p>\n<p>&#8220;Entretanto, conforme salientado pela Procuradoria Geral da Rep\u00fablica, n\u00e3o se faz necess\u00e1ria, ao menos no presente momento, a manuten\u00e7\u00e3o da extrema restri\u00e7\u00e3o \u00e0 liberdade, podendo ser eficazmente substitu\u00edda por outras medidas cautelares alternativas&#8221;, escreveu Moraes neste domingo.<\/p>\n<p>Ainda em fevereiro, a PGR apresentou den\u00fancia contra o deputado por grave amea\u00e7a e incitar a animosidade entre o tribunal e as For\u00e7as Armadas. No dia 16 daquele m\u00eas, Silveira foi preso por determina\u00e7\u00e3o de Moraes, horas ap\u00f3s divulgar um v\u00eddeo com apologia ao Ato Institucional 5 (AI-5) e discurso de \u00f3dio contra os integrantes da Corte. A ordem foi proferida pelo ministro pela pr\u00e1tica de crime inafian\u00e7\u00e1vel.<\/p>\n<p>&nbsp;<\/p>\n<p><strong>Fonte: Terra<\/strong><\/p>\n<p>&nbsp;<\/p>\n","protected":false},"excerpt":{"rendered":"<p>O ministro do Supremo Tribunal Federal (STF), Alexandre de Moraes, determinou neste domingo que o deputado Daniel Silveira (PSL-SP) poder\u00e1 deixar a unidade prisional em Niter\u00f3i (RJ) para cumprir pris\u00e3o domiciliar com monitoramento eletr\u00f4nico. Segundo a decis\u00e3o do ministro, o deputado fica liberado para exercer o mandato parlamentar da pr\u00f3pria resid\u00eancia, mas proibido de acessar, &hellip;<\/p>\n","protected":false},"author":1,"featured_media":13753,"comment_status":"closed","ping_status":"closed","sticky":false,"template":"","format":"standard","meta":{"_jetpack_newsletter_access":"","_jetpack_dont_email_post_to_subs":false,"_jetpack_newsletter_tier_id":0,"_jetpack_memberships_contains_paywalled_content":false,"_jetpack_memberships_contains_paid_content":false,"footnotes":""},"categories":[1],"tags":[],"class_list":["post-13752","post","type-post","status-publish","format-standard","has-post-thumbnail","hentry","category-destaque"],"jetpack_sharing_enabled":true,"jetpack_featured_media_url":"","_links":{"self":[{"href":"https:\/\/www.oparanews.com.br\/index.php\/wp-json\/wp\/v2\/posts\/13752","targetHints":{"allow":["GET"]}}],"collection":[{"href":"https:\/\/www.oparanews.com.br\/index.php\/wp-json\/wp\/v2\/posts"}],"about":[{"href":"https:\/\/www.oparanews.com.br\/index.php\/wp-json\/wp\/v2\/types\/post"}],"author":[{"embeddable":true,"href":"https:\/\/www.oparanews.com.br\/index.php\/wp-json\/wp\/v2\/users\/1"}],"replies":[{"embeddable":true,"href":"https:\/\/www.oparanews.com.br\/index.php\/wp-json\/wp\/v2\/comments?post=13752"}],"version-history":[{"count":0,"href":"https:\/\/www.oparanews.com.br\/index.php\/wp-json\/wp\/v2\/posts\/13752\/revisions"}],"wp:attachment":[{"href":"https:\/\/www.oparanews.com.br\/index.php\/wp-json\/wp\/v2\/media?parent=13752"}],"wp:term":[{"taxonomy":"category","embeddable":true,"href":"https:\/\/www.oparanews.com.br\/index.php\/wp-json\/wp\/v2\/categories?post=13752"},{"taxonomy":"post_tag","embeddable":true,"href":"https:\/\/www.oparanews.com.br\/index.php\/wp-json\/wp\/v2\/tags?post=13752"}],"curies":[{"name":"wp","href":"https:\/\/api.w.org\/{rel}","templated":true}]}}