{"id":13764,"date":"2021-03-15T13:27:46","date_gmt":"2021-03-15T13:27:46","guid":{"rendered":"https:\/\/oparanews.com.br\/?p=13764"},"modified":"2021-03-15T13:27:46","modified_gmt":"2021-03-15T13:27:46","slug":"ocupacao-dos-leitos-de-uti-de-covid-19-em-alagoas-atinge-83","status":"publish","type":"post","link":"https:\/\/www.oparanews.com.br\/index.php\/2021\/03\/15\/ocupacao-dos-leitos-de-uti-de-covid-19-em-alagoas-atinge-83\/","title":{"rendered":"Ocupa\u00e7\u00e3o dos leitos de UTI de Covid-19 em Alagoas atinge 83%"},"content":{"rendered":"<p>Veja a situa\u00e7\u00e3o do Sistema \u00danico de Sa\u00fade (SUS) em hospitais em Macei\u00f3 e em munic\u00edpios do interior de Alagoas, de acordo com dados divulgados \u00e0s 16h de domingo (14) pela Secretaria de Estado da Sa\u00fade (Sesau).<\/p>\n<p>O Estado tem tr\u00eas tipos de leitos para pacientes com confirma\u00e7\u00e3o ou suspeita da Covid-19: leitos cl\u00ednicos, destinados a pacientes menos graves; leitos intermedi\u00e1rios com respirador, em Unidades de Pronto Atendimento (UPA) para estabiliza\u00e7\u00e3o do paciente at\u00e9 que seja transferido a um hospital; e leitos de UTI, destinados a pacientes em situa\u00e7\u00e3o grave.<\/p>\n<p><strong>Leitos cl\u00ednicos (Covid-19) &#8211; Macei\u00f3<\/strong><\/p>\n<table class=\"show-table__content\n        \" style=\"height: 645px;\" width=\"313\"><\/p>\n<tbody>\n<tr>\n<td>Nome do hospital<\/td>\n<td>Taxa de ocupa\u00e7\u00e3o<\/td>\n<\/tr>\n<tr>\n<td>Hospital da Mulher<\/td>\n<td>62%<\/td>\n<\/tr>\n<tr>\n<td>Hospital Metropolitano<\/td>\n<td>73%<\/td>\n<\/tr>\n<tr>\n<td>Hospital Geral do Estado (HGE)<\/td>\n<td>88%<\/td>\n<\/tr>\n<tr>\n<td>Santa Casa de Miseric\u00f3rdia<\/td>\n<td>40%<\/td>\n<\/tr>\n<tr>\n<td>Hospital Universit\u00e1rio<\/td>\n<td>78%<\/td>\n<\/tr>\n<tr>\n<td>Hospital Dr. H\u00e9lvio Auto<\/td>\n<td>50%<\/td>\n<\/tr>\n<tr>\n<td>Hospital Humanit\u00e9<\/td>\n<td>85%<\/td>\n<\/tr>\n<tr>\n<td>Hospital Veredas<\/td>\n<td>90%<\/td>\n<\/tr>\n<tr>\n<td>UPA Benedito Bentes<\/td>\n<td>267%<\/td>\n<\/tr>\n<tr>\n<td>UPA Jacintinho<\/td>\n<td>75%<\/td>\n<\/tr>\n<tr>\n<td>UPA Tabuleiro<\/td>\n<td>63%<\/td>\n<\/tr>\n<tr>\n<td>UPA Trapiche<\/td>\n<td>75%<\/td>\n<\/tr>\n<tr>\n<td>Total &#8211; Macei\u00f3<\/td>\n<td>71%<\/td>\n<\/tr>\n<\/tbody>\n<\/table>\n<p><strong>Leitos cl\u00ednicos (Covid-19) &#8211; interior<\/strong><\/p>\n<table class=\"show-table__content\n        \"><\/p>\n<tbody>\n<tr>\n<td>Nome do hospital<\/td>\n<td>Taxa de ocupa\u00e7\u00e3o<\/td>\n<\/tr>\n<tr>\n<td>Unidade de Emerg\u00eancia do Agreste (Arapiraca)<\/td>\n<td>78%<\/td>\n<\/tr>\n<tr>\n<td>Hospital Regional do Norte (Porto Calvo)<\/td>\n<td>70%<\/td>\n<\/tr>\n<tr>\n<td>Hospital Regional Nossa Senhora do Bom Conselho (Arapiraca)<\/td>\n<td>87%<\/td>\n<\/tr>\n<tr>\n<td>Santa Casa de Penedo<\/td>\n<td>28%<\/td>\n<\/tr>\n<tr>\n<td>Santa Casa de S\u00e3o Miguel dos Campos<\/td>\n<td>100%<\/td>\n<\/tr>\n<tr>\n<td>Hospital Santa Rita (Palmeira dos \u00cdndios)<\/td>\n<td>63%<\/td>\n<\/tr>\n<tr>\n<td>Hospital Clodolfo Rodrigues (Santana do Ipanema)<\/td>\n<td>100%<\/td>\n<\/tr>\n<tr>\n<td>Hospital Carvalho Beltr\u00e3o (Coruripe)<\/td>\n<td>60%<\/td>\n<\/tr>\n<tr>\n<td>Polo de Atendimento Regional da Covid-19 (Campo Alegre)<\/td>\n<td>77%<\/td>\n<\/tr>\n<tr>\n<td>Hospital Ib Gatto (Rio Largo)<\/td>\n<td>80%<\/td>\n<\/tr>\n<tr>\n<td>UPA Coruripe<\/td>\n<td>0%<\/td>\n<\/tr>\n<tr>\n<td>UPA Delmiro Gouveia<\/td>\n<td>0%<\/td>\n<\/tr>\n<tr>\n<td>UPA Penedo<\/td>\n<td>0%<\/td>\n<\/tr>\n<tr>\n<td>UPA Maragogi<\/td>\n<td>33%<\/td>\n<\/tr>\n<tr>\n<td>UPA Palmeira dos \u00cdndios<\/td>\n<td>23%<\/td>\n<\/tr>\n<tr>\n<td>UPA Marechal Deodoro<\/td>\n<td>0%<\/td>\n<\/tr>\n<tr>\n<td>UPA Vi\u00e7osa<\/td>\n<td>50%<\/td>\n<\/tr>\n<tr>\n<td>UPA S\u00e3o Miguel dos Campos<\/td>\n<td>0%<\/td>\n<\/tr>\n<tr>\n<td>UPA Delmiro Gouveia<\/td>\n<td>0%<\/td>\n<\/tr>\n<tr>\n<td>Hospital Regional da Mata (Uni\u00e3o dos Palmares)<\/td>\n<td>28%<\/td>\n<\/tr>\n<tr>\n<td>Hospital Chama de Arapiraca<\/td>\n<td>85%<\/td>\n<\/tr>\n<tr>\n<td>Total &#8211; Arapiraca<\/td>\n<td>81%<\/td>\n<\/tr>\n<tr>\n<td>Total &#8211; Coruripe<\/td>\n<td>21%<\/td>\n<\/tr>\n<tr>\n<td>Total &#8211; S\u00e3o Miguel dos Campos<\/td>\n<td>91%<\/td>\n<\/tr>\n<tr>\n<td>Total &#8211; Delmiro Gouveia<\/td>\n<td>0%<\/td>\n<\/tr>\n<tr>\n<td>Total &#8211; Rio Largo<\/td>\n<td>80%<\/td>\n<\/tr>\n<tr>\n<td>Total &#8211; Campo Alegre<\/td>\n<td>77%<\/td>\n<\/tr>\n<tr>\n<td>Total &#8211; Santana do Ipanema<\/td>\n<td>100%<\/td>\n<\/tr>\n<tr>\n<td>Total &#8211; Vi\u00e7osa<\/td>\n<td>50%<\/td>\n<\/tr>\n<tr>\n<td>Total &#8211; Maragogi<\/td>\n<td>33%<\/td>\n<\/tr>\n<tr>\n<td>Total &#8211; Uni\u00e3o dos Palmares<\/td>\n<td>28%<\/td>\n<\/tr>\n<tr>\n<td>Total &#8211; Porto Calvo<\/td>\n<td>70%<\/td>\n<\/tr>\n<tr>\n<td>Total &#8211; Marechal Deodoro<\/td>\n<td>0%<\/td>\n<\/tr>\n<tr>\n<td>Total &#8211; Palmeira dos \u00cdndios<\/td>\n<td>33%<\/td>\n<\/tr>\n<tr>\n<td>Total &#8211; Penedo<\/td>\n<td>32%<\/td>\n<\/tr>\n<\/tbody>\n<\/table>\n<p><strong>Leitos intermedi\u00e1rios com respirador (Covid-19) &#8211; Macei\u00f3<\/strong><\/p>\n<table class=\"show-table__content\n        \"><\/p>\n<tbody>\n<tr>\n<td>Nome do hospital<\/td>\n<td>Taxa de ocupa\u00e7\u00e3o<\/td>\n<\/tr>\n<tr>\n<td>Hospital Geral do Estado (HGE)<\/td>\n<td>80%<\/td>\n<\/tr>\n<tr>\n<td>UPA Benedito Bentes<\/td>\n<td>0%<\/td>\n<\/tr>\n<tr>\n<td>UPA Jacintinho<\/td>\n<td>25%<\/td>\n<\/tr>\n<tr>\n<td>UPA Tabuleiro<\/td>\n<td>25%<\/td>\n<\/tr>\n<tr>\n<td>UPA Trapiche<\/td>\n<td>50%<\/td>\n<\/tr>\n<tr>\n<td>Total &#8211; Macei\u00f3<\/td>\n<td>50%<\/td>\n<\/tr>\n<\/tbody>\n<\/table>\n<p><strong>Leitos intermedi\u00e1rios com respirador (Covid-19) &#8211; interior<\/strong><\/p>\n<table class=\"show-table__content\n        \"><\/p>\n<tbody>\n<tr>\n<td>Nome do hospital<\/td>\n<td>Taxa de ocupa\u00e7\u00e3o<\/td>\n<\/tr>\n<tr>\n<td>UPA Delmiro Gouveia<\/td>\n<td>0%<\/td>\n<\/tr>\n<tr>\n<td>UPA Coruripe<\/td>\n<td>0%<\/td>\n<\/tr>\n<tr>\n<td>UPA Penedo<\/td>\n<td>0%<\/td>\n<\/tr>\n<tr>\n<td>UPA Maragogi<\/td>\n<td>0%<\/td>\n<\/tr>\n<tr>\n<td>UPA Palmeira dos \u00cdndios<\/td>\n<td>200%<\/td>\n<\/tr>\n<tr>\n<td>UPA Marechal Deodoro<\/td>\n<td>0%<\/td>\n<\/tr>\n<tr>\n<td>UPA Vi\u00e7osa<\/td>\n<td>0%<\/td>\n<\/tr>\n<tr>\n<td>UPA S\u00e3o Miguel dos Campos<\/td>\n<td>0%<\/td>\n<\/tr>\n<\/tbody>\n<\/table>\n<p><strong>Leitos de UTI (Covid-19) &#8211; Macei\u00f3<\/strong><\/p>\n<table class=\"show-table__content\n        \"><\/p>\n<tbody>\n<tr>\n<td>Nome do hospital<\/td>\n<td>Taxa de ocupa\u00e7\u00e3o<\/td>\n<\/tr>\n<tr>\n<td>Hospital da Mulher (leito adulto)<\/td>\n<td>86%<\/td>\n<\/tr>\n<tr>\n<td>Hospital da Mulher (leito pedi\u00e1trico)<\/td>\n<td>90%<\/td>\n<\/tr>\n<tr>\n<td>Hospital Metropolitano<\/td>\n<td>86%<\/td>\n<\/tr>\n<tr>\n<td>Hospital Universit\u00e1rio<\/td>\n<td>86%<\/td>\n<\/tr>\n<tr>\n<td>Hospital Dr. H\u00e9lvio Auto<\/td>\n<td>300%<\/td>\n<\/tr>\n<tr>\n<td>Santa Casa de Miseric\u00f3rdia<\/td>\n<td>60%<\/td>\n<\/tr>\n<tr>\n<td>Hospital Geral do Estado (HGE)<\/td>\n<td>80%<\/td>\n<\/tr>\n<tr>\n<td>Hospital Veredas<\/td>\n<td>80%<\/td>\n<\/tr>\n<tr>\n<td>Hospital Vida<\/td>\n<td>100%<\/td>\n<\/tr>\n<tr>\n<td>Total &#8211; Macei\u00f3<\/td>\n<td>84%<\/td>\n<\/tr>\n<\/tbody>\n<\/table>\n<p><strong>Leitos de UTI (Covid-19) &#8211; interior<\/strong><\/p>\n<table class=\"show-table__content\n        \"><\/p>\n<tbody>\n<tr>\n<td>Nome do Hospital<\/td>\n<td>Taxa de ocupa\u00e7\u00e3o<\/td>\n<\/tr>\n<tr>\n<td>Unidade de Emerg\u00eancia do Agreste (Arapiraca)<\/td>\n<td>94%<\/td>\n<\/tr>\n<tr>\n<td>Hospital Regional do Norte (Porto Calvo)<\/td>\n<td>80%<\/td>\n<\/tr>\n<tr>\n<td>Hospital Carvalho Beltr\u00e3o (Coruripe)<\/td>\n<td>53%<\/td>\n<\/tr>\n<tr>\n<td>Hospital Regional Nossa Senhora do Bom Conselho (Arapiraca)<\/td>\n<td>80%<\/td>\n<\/tr>\n<tr>\n<td>Santa Casa de Penedo<\/td>\n<td>90%<\/td>\n<\/tr>\n<tr>\n<td>Santa Casa de S\u00e3o Miguel dos Campos<\/td>\n<td>90%<\/td>\n<\/tr>\n<tr>\n<td>Hospital Santa Rita (Palmeira dos \u00cdndios)<\/td>\n<td>100%<\/td>\n<\/tr>\n<tr>\n<td>Hospital Clodolfo Rodrigues (Santana do Ipanema)<\/td>\n<td>90%<\/td>\n<\/tr>\n<tr>\n<td>Hospital Regional da Mata (Uni\u00e3o dos Palmares)<\/td>\n<td>80%<\/td>\n<\/tr>\n<tr>\n<td>Hospital Chama de Arapiraca<\/td>\n<td>86%<\/td>\n<\/tr>\n<tr>\n<td>Total &#8211; Arapiraca<\/td>\n<td>89%<\/td>\n<\/tr>\n<tr>\n<td>Total &#8211; Coruripe<\/td>\n<td>53%<\/td>\n<\/tr>\n<tr>\n<td>Total &#8211; S\u00e3o Miguel dos Campos<\/td>\n<td>90%<\/td>\n<\/tr>\n<tr>\n<td>Total &#8211; Santana do Ipanema<\/td>\n<td>90%<\/td>\n<\/tr>\n<tr>\n<td>Total &#8211; Uni\u00e3o dos Palmares<\/td>\n<td>53%<\/td>\n<\/tr>\n<tr>\n<td>Total &#8211; Porto Calvo<\/td>\n<td>80%<\/td>\n<\/tr>\n<tr>\n<td>Total &#8211; Palmeira dos \u00cdndios<\/td>\n<td>100%<\/td>\n<\/tr>\n<tr>\n<td>Total &#8211; Penedo<\/td>\n<td>90%<\/td>\n<\/tr>\n<\/tbody>\n<\/table>\n<p>&nbsp;<\/p>\n<p><strong>Fonte: G1\/AL<\/strong><\/p>\n<p>&nbsp;<\/p>\n","protected":false},"excerpt":{"rendered":"<p>Veja a situa\u00e7\u00e3o do Sistema \u00danico de Sa\u00fade (SUS) em hospitais em Macei\u00f3 e em munic\u00edpios do interior de Alagoas, de acordo com dados divulgados \u00e0s 16h de domingo (14) pela Secretaria de Estado da Sa\u00fade (Sesau). O Estado tem tr\u00eas tipos de leitos para pacientes com confirma\u00e7\u00e3o ou suspeita da Covid-19: leitos cl\u00ednicos, destinados &hellip;<\/p>\n","protected":false},"author":1,"featured_media":13765,"comment_status":"closed","ping_status":"closed","sticky":false,"template":"","format":"standard","meta":{"_jetpack_newsletter_access":"","_jetpack_dont_email_post_to_subs":false,"_jetpack_newsletter_tier_id":0,"_jetpack_memberships_contains_paywalled_content":false,"_jetpack_memberships_contains_paid_content":false,"footnotes":""},"categories":[1],"tags":[],"class_list":["post-13764","post","type-post","status-publish","format-standard","has-post-thumbnail","hentry","category-destaque"],"jetpack_sharing_enabled":true,"jetpack_featured_media_url":"","_links":{"self":[{"href":"https:\/\/www.oparanews.com.br\/index.php\/wp-json\/wp\/v2\/posts\/13764","targetHints":{"allow":["GET"]}}],"collection":[{"href":"https:\/\/www.oparanews.com.br\/index.php\/wp-json\/wp\/v2\/posts"}],"about":[{"href":"https:\/\/www.oparanews.com.br\/index.php\/wp-json\/wp\/v2\/types\/post"}],"author":[{"embeddable":true,"href":"https:\/\/www.oparanews.com.br\/index.php\/wp-json\/wp\/v2\/users\/1"}],"replies":[{"embeddable":true,"href":"https:\/\/www.oparanews.com.br\/index.php\/wp-json\/wp\/v2\/comments?post=13764"}],"version-history":[{"count":0,"href":"https:\/\/www.oparanews.com.br\/index.php\/wp-json\/wp\/v2\/posts\/13764\/revisions"}],"wp:attachment":[{"href":"https:\/\/www.oparanews.com.br\/index.php\/wp-json\/wp\/v2\/media?parent=13764"}],"wp:term":[{"taxonomy":"category","embeddable":true,"href":"https:\/\/www.oparanews.com.br\/index.php\/wp-json\/wp\/v2\/categories?post=13764"},{"taxonomy":"post_tag","embeddable":true,"href":"https:\/\/www.oparanews.com.br\/index.php\/wp-json\/wp\/v2\/tags?post=13764"}],"curies":[{"name":"wp","href":"https:\/\/api.w.org\/{rel}","templated":true}]}}