{"id":13767,"date":"2021-03-15T14:40:56","date_gmt":"2021-03-15T14:40:56","guid":{"rendered":"https:\/\/oparanews.com.br\/?p=13767"},"modified":"2021-03-15T14:40:56","modified_gmt":"2021-03-15T14:40:56","slug":"smtt-penedo-melhora-sinalizacao-das-vias-publicas-da-cidade","status":"publish","type":"post","link":"https:\/\/www.oparanews.com.br\/index.php\/2021\/03\/15\/smtt-penedo-melhora-sinalizacao-das-vias-publicas-da-cidade\/","title":{"rendered":"SMTT Penedo melhora sinaliza\u00e7\u00e3o das vias p\u00fablicas da cidade"},"content":{"rendered":"<p>A sinaliza\u00e7\u00e3o das faixas de pedestres e das lombadas das ruas de Penedo est\u00e1 sendo recuperada pela Prefeitura de Penedo, por meio da Superintend\u00eancia Municipal de Transportes e Tr\u00e2nsito (SMTT).<\/p>\n<p>O trabalho de revitaliza\u00e7\u00e3o da sinaliza\u00e7\u00e3o horizontal do tr\u00e2nsito come\u00e7ou por vias p\u00fablicas localizadas na parte alta da cidade, foi estendida para localidades da parte baixa e locais estrat\u00e9gicos do Centro Hist\u00f3rico.<\/p>\n<p>De acordo com a SMTT Penedo, as lombadas est\u00e3o sendo pintadas de amarelo e as faixas de pedestres variam de acordo com os procedimentos de localiza\u00e7\u00e3o, com faixas brancas e tamb\u00e9m com faixas brancas e vermelhas.<\/p>\n<p>O Superintendente da SMTT, Joanilson Sampaio Junior (Jota Junior), informa que o Prefeito Ronaldo Lopes determinou que os servi\u00e7os fossem executados de imediato, a medida da chegada dos lotes das tintas, servi\u00e7o realizado no per\u00edodo noturno.<\/p>\n<p>\u201cEstamos executando a pintura durante a noite porque o fluxo de ve\u00edculos \u00e9 menor para a equipe trabalhar com tranquilidade e proporcionar mais comodidade aos condutores que deixam de enfrentar qualquer tipo de congestionamento durante o dia\u201d, explicou Jota Junior.<\/p>\n<p>O titular da SMTT informou ainda a retomadas das a\u00e7\u00f5es de pinturas das faixas da Avenida Wanderley, nos pontos de grande movimenta\u00e7\u00e3o de pedestres.<\/p>\n<p>&nbsp;<\/p>\n<p><strong>Fonte: Decom PMP<\/strong><\/p>\n<p>&nbsp;<\/p>\n","protected":false},"excerpt":{"rendered":"<p>A sinaliza\u00e7\u00e3o das faixas de pedestres e das lombadas das ruas de Penedo est\u00e1 sendo recuperada pela Prefeitura de Penedo, por meio da Superintend\u00eancia Municipal de Transportes e Tr\u00e2nsito (SMTT). O trabalho de revitaliza\u00e7\u00e3o da sinaliza\u00e7\u00e3o horizontal do tr\u00e2nsito come\u00e7ou por vias p\u00fablicas localizadas na parte alta da cidade, foi estendida para localidades da parte &hellip;<\/p>\n","protected":false},"author":1,"featured_media":13768,"comment_status":"closed","ping_status":"closed","sticky":false,"template":"","format":"standard","meta":{"_jetpack_newsletter_access":"","_jetpack_dont_email_post_to_subs":false,"_jetpack_newsletter_tier_id":0,"_jetpack_memberships_contains_paywalled_content":false,"_jetpack_memberships_contains_paid_content":false,"footnotes":""},"categories":[1],"tags":[],"class_list":["post-13767","post","type-post","status-publish","format-standard","has-post-thumbnail","hentry","category-destaque"],"jetpack_sharing_enabled":true,"jetpack_featured_media_url":"","_links":{"self":[{"href":"https:\/\/www.oparanews.com.br\/index.php\/wp-json\/wp\/v2\/posts\/13767","targetHints":{"allow":["GET"]}}],"collection":[{"href":"https:\/\/www.oparanews.com.br\/index.php\/wp-json\/wp\/v2\/posts"}],"about":[{"href":"https:\/\/www.oparanews.com.br\/index.php\/wp-json\/wp\/v2\/types\/post"}],"author":[{"embeddable":true,"href":"https:\/\/www.oparanews.com.br\/index.php\/wp-json\/wp\/v2\/users\/1"}],"replies":[{"embeddable":true,"href":"https:\/\/www.oparanews.com.br\/index.php\/wp-json\/wp\/v2\/comments?post=13767"}],"version-history":[{"count":0,"href":"https:\/\/www.oparanews.com.br\/index.php\/wp-json\/wp\/v2\/posts\/13767\/revisions"}],"wp:attachment":[{"href":"https:\/\/www.oparanews.com.br\/index.php\/wp-json\/wp\/v2\/media?parent=13767"}],"wp:term":[{"taxonomy":"category","embeddable":true,"href":"https:\/\/www.oparanews.com.br\/index.php\/wp-json\/wp\/v2\/categories?post=13767"},{"taxonomy":"post_tag","embeddable":true,"href":"https:\/\/www.oparanews.com.br\/index.php\/wp-json\/wp\/v2\/tags?post=13767"}],"curies":[{"name":"wp","href":"https:\/\/api.w.org\/{rel}","templated":true}]}}